{"id":975,"date":"2013-09-08T16:10:25","date_gmt":"2013-09-08T15:10:25","guid":{"rendered":"http:\/\/www.tvtrubschachen.ch\/?p=975"},"modified":"2013-09-10T06:12:45","modified_gmt":"2013-09-10T05:12:45","slug":"madchenjugitag-langnau-2013","status":"publish","type":"post","link":"https:\/\/www.tvtrubschachen.ch\/?p=975","title":{"rendered":"M\u00e4dchenjugitag Langnau 2013"},"content":{"rendered":"<h5 data-ft=\"{&quot;type&quot;:1,&quot;tn&quot;:&quot;K&quot;}\">Der Turnverein B\u00e4rau hat in diesem Jahr, die beiden Jugitage in Langnau organisiert.<br \/>\n\u00dcber 1100 M\u00e4dchen und Knaben haben sich f\u00fcr den Wettkampf angemeldet.<\/h5>\n<h5 data-ft=\"{&quot;type&quot;:1,&quot;tn&quot;:&quot;K&quot;}\">Am Sonntag starteten mit knapp 800 M\u00e4dchen, gut das doppelte an Athletinnen, zum Wettkampf. Trubschachen stellte 24 davon. Das Wetter hat sich im vergleich zum Samstag massiv verschlechtert und der Wetterbericht verhiess nichts gutes f\u00fcr den ganzen Tag. Zum Gl\u00fcck behielt die Wettervorhersage nicht recht und wir durften bei fast trockenen Bedingungen, ein gross teil des Tages verbringen.<\/p>\n<p>Die LA Wettk\u00e4mpfe am morgen waren gut organisiert und verliefen reibungslos. Die M\u00e4dchen erzielten sehr gute Resultate, was auf weitere Podestpl\u00e4tze Hoffnung machte.<br \/>\nDas hoffen zahlte sich, mit den beiden ersten Pl\u00e4tzen von Janine Fuhrer (M14) und Jana Roth (M12), aus! Bravo!!<\/p>\n<p>Zus\u00e4tzlich ein Diplom erhielten:<br \/>\nWittwer Muriel, Chevallaz Denise, R\u00f6thlisberger Lynn, Sch\u00e4r Jasmina, Chevallaz Nicole, Schenk Nicol, Bieri Livia, Moser Severine, Z\u00fcrcher Sarah,<\/p>\n<p>Ab 11 Uhr standen mit V\u00f6lkerball, Vierkampf f\u00fcr Kids und Korbball, die ersten Spiele auf dem Programm.<\/p>\n<p>Beide Mannschaften starteten mit viel Elan in die Spiele und durften sich Sieg f\u00fcr Sieg gutschreiben lassen. Die Korbballmannschaft schaffte den Einzug in den Final ohne Gegentreffer! Dazu ist zu sagen, dass die Jugi Trubschachen das erste Mal seit gut 10 Jahren, eine Korbballmannschaft stellen konnte!<br \/>\nIm Final konnte Trubschachen eine 2:0 F\u00fchrung heraus spielen, da wurden die M\u00e4dchen ein wenig nachl\u00e4ssig (wahrscheinlich die Nervosit\u00e4t) und mussten den ersten Gegentreffer hinnehmen. Das l\u00e4utete eine spannende Schlussphase ein, mit dem besseren Ende f\u00fcr die Jugi Trubschachen! Bravo M\u00e4dels!!!<\/p>\n<p>Beim V\u00f6lkerball waren die Spiele hart umk\u00e4mpft und spannend, doch Trubschachen durfte sich f\u00fcr den Final qualifizieren. Die M\u00e4dchen spielten ihre Routine aus und hatten ihren Gegner fest im Griff. Zum Schluss jubelten die Sch\u00e4cheler! Gratulation!!!<\/p>\n<p>Bei den Stafetten war das Gl\u00fcck allerdings ein wenig aufgebraucht und der Regen setzte ein. Beide Mannschaften (MS+OS) konnten sich f\u00fcr den Final qualifizieren, doch der Regen und diverse Stabsfehler machten eine bessere Klassierung unm\u00f6glich.<\/p>\n<p>Mit dem Rangverlesen im Gasthof B\u00e4ren in Trubschachen, schlossen wir ein sehr erfolgreiches Wochenende ab.<\/p>\n<p>Mit 3x Gold, 2x Silber, 1x Bronze und 11 Diplome in der Leichtathletik, 2x Platz 1 und 2x Platz 2 in den Spielen, d\u00fcrfen wir sehr stolz auf unsere Leistungen sein!<br \/>\nHerzliche Gratulation, macht weiter so!<\/p>\n<p>Ein grosses Dankesch\u00f6n auch an alle LeiterInnen, Kampfrichter, Schiri V\u00f6lkerball und Supporter!<\/h5>\n<p>Patrick Zaugg<br \/>\nJ+S Coach<\/p>\n<p>Ranglisten<\/p>\n<p><a href=\"http:\/\/www.tvtrubschachen.ch\/wp-content\/uploads\/2013\/09\/JT2013_m7.pdf\" target=\"_blank\">JT2013_m7<\/a><\/p>\n<p><a href=\"http:\/\/www.tvtrubschachen.ch\/wp-content\/uploads\/2013\/09\/JT2013_m8.pdf\" target=\"_blank\">JT2013_m8<\/a><\/p>\n<p><a href=\"http:\/\/www.tvtrubschachen.ch\/wp-content\/uploads\/2013\/09\/JT2013_m9.pdf\" target=\"_blank\">JT2013_m9<\/a><\/p>\n<p><a href=\"http:\/\/www.tvtrubschachen.ch\/wp-content\/uploads\/2013\/09\/JT2013_m10.pdf\" target=\"_blank\">JT2013_m10<\/a><\/p>\n<p><a href=\"http:\/\/www.tvtrubschachen.ch\/wp-content\/uploads\/2013\/09\/JT2013_m11.pdf\" target=\"_blank\">JT2013_m11<\/a><\/p>\n<p><a href=\"http:\/\/www.tvtrubschachen.ch\/wp-content\/uploads\/2013\/09\/JT2013_m12.pdf\" target=\"_blank\">JT2013_m12<\/a><\/p>\n<p><a href=\"http:\/\/www.tvtrubschachen.ch\/wp-content\/uploads\/2013\/09\/JT2013_m13.pdf\" target=\"_blank\">JT2013_m13<\/a><\/p>\n<p><a href=\"http:\/\/www.tvtrubschachen.ch\/wp-content\/uploads\/2013\/09\/JT2013_m14.pdf\" target=\"_blank\">JT2013_m14<\/a><\/p>\n<p><a href=\"http:\/\/www.tvtrubschachen.ch\/wp-content\/uploads\/2013\/09\/JT2013_m15.pdf\" target=\"_blank\">JT2013_m15<\/a><\/p>\n<p><a href=\"http:\/\/www.tvtrubschachen.ch\/wp-content\/uploads\/2013\/09\/JT2013_m16.pdf\" target=\"_blank\">JT2013_m16<\/a><\/p>\n<p><a href=\"http:\/\/www.tvtrubschachen.ch\/wp-content\/uploads\/2013\/09\/JT2013_m_vierkampf4kids.pdf\">JT2013_m_vierkampf4kids<\/a><\/p>\n<p><a href=\"http:\/\/www.tvtrubschachen.ch\/wp-content\/uploads\/2013\/09\/JT2013_m_spiele.pdf\" target=\"_blank\">JT2013_m_spiele<\/a><\/p>\n","protected":false},"excerpt":{"rendered":"<p>Der Turnverein B\u00e4rau hat in diesem Jahr, die beiden Jugitage in Langnau organisiert. \u00dcber 1100 M\u00e4dchen und Knaben haben sich f\u00fcr den Wettkampf angemeldet. Am Sonntag starteten mit knapp 800 M\u00e4dchen, gut das doppelte an Athletinnen, zum Wettkampf. Trubschachen stellte <a class=\"more-link\" href=\"https:\/\/www.tvtrubschachen.ch\/?p=975\"><span class=\"screen-reader-text\">  M\u00e4dchenjugitag Langnau 2013<\/span> weiterlesen<span class=\"meta-nav\">&rarr;<\/span><\/a><\/p>\n","protected":false},"author":2,"featured_media":0,"comment_status":"closed","ping_status":"closed","sticky":false,"template":"","format":"standard","meta":{"ngg_post_thumbnail":0,"footnotes":""},"categories":[4],"tags":[],"class_list":["post-975","post","type-post","status-publish","format-standard","hentry","category-jugendriege"],"_links":{"self":[{"href":"https:\/\/www.tvtrubschachen.ch\/index.php?rest_route=\/wp\/v2\/posts\/975","targetHints":{"allow":["GET"]}}],"collection":[{"href":"https:\/\/www.tvtrubschachen.ch\/index.php?rest_route=\/wp\/v2\/posts"}],"about":[{"href":"https:\/\/www.tvtrubschachen.ch\/index.php?rest_route=\/wp\/v2\/types\/post"}],"author":[{"embeddable":true,"href":"https:\/\/www.tvtrubschachen.ch\/index.php?rest_route=\/wp\/v2\/users\/2"}],"replies":[{"embeddable":true,"href":"https:\/\/www.tvtrubschachen.ch\/index.php?rest_route=%2Fwp%2Fv2%2Fcomments&post=975"}],"version-history":[{"count":3,"href":"https:\/\/www.tvtrubschachen.ch\/index.php?rest_route=\/wp\/v2\/posts\/975\/revisions"}],"predecessor-version":[{"id":994,"href":"https:\/\/www.tvtrubschachen.ch\/index.php?rest_route=\/wp\/v2\/posts\/975\/revisions\/994"}],"wp:attachment":[{"href":"https:\/\/www.tvtrubschachen.ch\/index.php?rest_route=%2Fwp%2Fv2%2Fmedia&parent=975"}],"wp:term":[{"taxonomy":"category","embeddable":true,"href":"https:\/\/www.tvtrubschachen.ch\/index.php?rest_route=%2Fwp%2Fv2%2Fcategories&post=975"},{"taxonomy":"post_tag","embeddable":true,"href":"https:\/\/www.tvtrubschachen.ch\/index.php?rest_route=%2Fwp%2Fv2%2Ftags&post=975"}],"curies":[{"name":"wp","href":"https:\/\/api.w.org\/{rel}","templated":true}]}}