{"id":949,"date":"2013-09-08T16:07:04","date_gmt":"2013-09-08T15:07:04","guid":{"rendered":"http:\/\/www.tvtrubschachen.ch\/?p=949"},"modified":"2013-09-10T06:11:18","modified_gmt":"2013-09-10T05:11:18","slug":"knabenjugitag-langnau-2013","status":"publish","type":"post","link":"https:\/\/www.tvtrubschachen.ch\/?p=949","title":{"rendered":"Knabenjugitag Langnau 2013"},"content":{"rendered":"<h5 data-ft=\"{&quot;type&quot;:1,&quot;tn&quot;:&quot;K&quot;}\">Der Turnverein B\u00e4rau hat in diesem Jahr, die beiden Jugitage in Langnau organisiert.<br \/>\n\u00dcber 1100 M\u00e4dchen und Knaben haben sich f\u00fcr den Wettkampf angemeldet.<\/p>\n<p>Am Samstag startete die Jugi Trubschachen, mit 16 Knaben zum LA Wettkampf. Das Wetter wurde immer besser und die Jungs dankten das mit sehr guten Resultaten! In der Schlussrangliste standen vier Sch\u00e4cheler auf dem Podest! Bravo!!!<\/p>\n<p>1.Rang K6\/7 Fankhauser Sven<br \/>\n2.Rang K6\/7 Haldemann Lenny<br \/>\n2.Rang K9 Wittwer Nico<br \/>\n3.Rang K10 Haldemann Jari<\/p>\n<p>Zus\u00e4tzlich durften ein Diplom in empfang nehmen:<br \/>\nG\u00fcm\u00fcs Kaan und Sch\u00f6ni Evan<\/p>\n<p>Im Vierkampf f\u00fcr Kids resultierte f\u00fcr die \u201eSchacheblitze\u201c, ein toller 2. Platz! Bravo!!<\/p>\n<p>Die Stafette der Unterstufe wurde auch mit Platz 2 belohnt. Bei dieser Ausscheidung, war der Vorlauf zugleich der Finallauf.<\/h5>\n<p>Patrick Zaugg<br \/>\nJ+S Coach<\/p>\n<p>Ranglisten<\/p>\n<p><a href=\"http:\/\/www.tvtrubschachen.ch\/wp-content\/uploads\/2013\/09\/JT2013_vierkampf4kids.pdf\">JT2013_vierkampf4kids<\/a><\/p>\n<p><a href=\"http:\/\/www.tvtrubschachen.ch\/wp-content\/uploads\/2013\/09\/JT2013_k07.pdf\" target=\"_blank\">JT2013_k07<\/a><\/p>\n<p><a href=\"http:\/\/www.tvtrubschachen.ch\/wp-content\/uploads\/2013\/09\/JT2013_k08.pdf\" target=\"_blank\">JT2013_k08<\/a><\/p>\n<p><a href=\"http:\/\/www.tvtrubschachen.ch\/wp-content\/uploads\/2013\/09\/JT2013_k09.pdf\" target=\"_blank\">JT2013_k09<\/a><\/p>\n<p><a href=\"http:\/\/www.tvtrubschachen.ch\/wp-content\/uploads\/2013\/09\/JT2013_k10.pdf\" target=\"_blank\">JT2013_k10<\/a><\/p>\n<p><a href=\"http:\/\/www.tvtrubschachen.ch\/wp-content\/uploads\/2013\/09\/JT2013_k11.pdf\" target=\"_blank\">JT2013_k11<\/a><\/p>\n<p><a href=\"http:\/\/www.tvtrubschachen.ch\/wp-content\/uploads\/2013\/09\/JT2013_k12.pdf\" target=\"_blank\">JT2013_k12<\/a><\/p>\n<p><a href=\"http:\/\/www.tvtrubschachen.ch\/wp-content\/uploads\/2013\/09\/JT2013_k13.pdf\" target=\"_blank\">JT2013_k13<\/a><\/p>\n<p><a href=\"http:\/\/www.tvtrubschachen.ch\/wp-content\/uploads\/2013\/09\/JT2013_k14.pdf\" target=\"_blank\">JT2013_k14<\/a><\/p>\n<p><a href=\"http:\/\/www.tvtrubschachen.ch\/wp-content\/uploads\/2013\/09\/JT2013_k15.pdf\" target=\"_blank\">JT2013_k15<\/a><\/p>\n<p><a href=\"http:\/\/www.tvtrubschachen.ch\/wp-content\/uploads\/2013\/09\/JT2013_k16.pdf\" target=\"_blank\">JT2013_k16<\/a><\/p>\n<p><a href=\"http:\/\/www.tvtrubschachen.ch\/wp-content\/uploads\/2013\/09\/JT2013_Spiele_K+2013.pdf\" target=\"_blank\">JT2013_Spiele<\/a><\/p>\n","protected":false},"excerpt":{"rendered":"<p>Der Turnverein B\u00e4rau hat in diesem Jahr, die beiden Jugitage in Langnau organisiert. \u00dcber 1100 M\u00e4dchen und Knaben haben sich f\u00fcr den Wettkampf angemeldet. Am Samstag startete die Jugi Trubschachen, mit 16 Knaben zum LA Wettkampf. Das Wetter wurde immer <a class=\"more-link\" href=\"https:\/\/www.tvtrubschachen.ch\/?p=949\"><span class=\"screen-reader-text\">  Knabenjugitag Langnau 2013<\/span> weiterlesen<span class=\"meta-nav\">&rarr;<\/span><\/a><\/p>\n","protected":false},"author":2,"featured_media":0,"comment_status":"closed","ping_status":"closed","sticky":false,"template":"","format":"standard","meta":{"ngg_post_thumbnail":0,"footnotes":""},"categories":[4],"tags":[],"class_list":["post-949","post","type-post","status-publish","format-standard","hentry","category-jugendriege"],"_links":{"self":[{"href":"https:\/\/www.tvtrubschachen.ch\/index.php?rest_route=\/wp\/v2\/posts\/949","targetHints":{"allow":["GET"]}}],"collection":[{"href":"https:\/\/www.tvtrubschachen.ch\/index.php?rest_route=\/wp\/v2\/posts"}],"about":[{"href":"https:\/\/www.tvtrubschachen.ch\/index.php?rest_route=\/wp\/v2\/types\/post"}],"author":[{"embeddable":true,"href":"https:\/\/www.tvtrubschachen.ch\/index.php?rest_route=\/wp\/v2\/users\/2"}],"replies":[{"embeddable":true,"href":"https:\/\/www.tvtrubschachen.ch\/index.php?rest_route=%2Fwp%2Fv2%2Fcomments&post=949"}],"version-history":[{"count":3,"href":"https:\/\/www.tvtrubschachen.ch\/index.php?rest_route=\/wp\/v2\/posts\/949\/revisions"}],"predecessor-version":[{"id":993,"href":"https:\/\/www.tvtrubschachen.ch\/index.php?rest_route=\/wp\/v2\/posts\/949\/revisions\/993"}],"wp:attachment":[{"href":"https:\/\/www.tvtrubschachen.ch\/index.php?rest_route=%2Fwp%2Fv2%2Fmedia&parent=949"}],"wp:term":[{"taxonomy":"category","embeddable":true,"href":"https:\/\/www.tvtrubschachen.ch\/index.php?rest_route=%2Fwp%2Fv2%2Fcategories&post=949"},{"taxonomy":"post_tag","embeddable":true,"href":"https:\/\/www.tvtrubschachen.ch\/index.php?rest_route=%2Fwp%2Fv2%2Ftags&post=949"}],"curies":[{"name":"wp","href":"https:\/\/api.w.org\/{rel}","templated":true}]}}