{"id":945,"date":"2013-09-01T18:28:31","date_gmt":"2013-09-01T17:28:31","guid":{"rendered":"http:\/\/www.tvtrubschachen.ch\/?p=945"},"modified":"2013-09-01T18:28:31","modified_gmt":"2013-09-01T17:28:31","slug":"risisegg-chilbi-2013","status":"publish","type":"post","link":"https:\/\/www.tvtrubschachen.ch\/?p=945","title":{"rendered":"Risisegg Chilbi 2013"},"content":{"rendered":"<p>Traditionell am ersten Sonntag im September findet die Risisegg Chilbi statt. So auch dieses Jahr. Bei angenehmen Temparaturen und einem Mix aus Wolken und Sonne fanden recht viele Besucher den Weg auf die Risisegg zu Kobels. Aus aktuellem Anlass zeigten wir das Eidgen\u00f6ssiche Schwingfest auf Grossleinwand.<br \/>\nMit Zwirbelen, Steinstossen einer Mohrenkopfschleuder f\u00fcr die Kleinsten sowie Speis und Trank konnten wir einen gem\u00fctlichen Herbsttag verbringen. F\u00fcr die Musikalische Umrandung sorgten die Emmentaler Nachtschw\u00e4rmer.<br \/>\nHier die Rangliste vom Steinstossen:<\/p>\n<table border=\"1\" cellspacing=\"0\" cellpadding=\"0\" align=\"center\">\n<tbody>\n<tr align=\"center\">\n<td colspan=\"3\" align=\"center\"><strong>M\u00e4nner 30 kg Stein<\/strong><\/td>\n<td><\/td>\n<td colspan=\"3\" align=\"center\"><strong>Frauen 12.5 kg Stein<\/strong><\/td>\n<\/tr>\n<tr align=\"center\">\n<td colspan=\"3\" align=\"center\"><\/td>\n<td><\/td>\n<td colspan=\"3\" align=\"center\"><\/td>\n<\/tr>\n<tr align=\"center\">\n<td align=\"center\">1.<\/td>\n<td align=\"center\">Kobel Mathias<\/td>\n<td align=\"center\">4.35 m<\/td>\n<td><\/td>\n<td align=\"center\">1.<\/td>\n<td align=\"center\">Habegger Heidi<\/td>\n<td align=\"center\">4.13 m<\/td>\n<\/tr>\n<tr align=\"center\">\n<td align=\"center\">2.<\/td>\n<td align=\"center\">Kr\u00e4henb\u00fchl Thomas<\/td>\n<td align=\"center\">4.10 m<\/td>\n<td><\/td>\n<td align=\"center\">2.<\/td>\n<td align=\"center\">Fankhauser Carole<\/td>\n<td align=\"center\">4.00 m<\/td>\n<\/tr>\n<tr align=\"center\">\n<td align=\"center\">3.<\/td>\n<td align=\"center\">Wiedmer Beat<\/td>\n<td align=\"center\">4.01 m<\/td>\n<td><\/td>\n<td align=\"center\">3.<\/td>\n<td align=\"center\">Zaugg Daniela<\/td>\n<td align=\"center\">3.73 m<\/td>\n<\/tr>\n<tr align=\"center\">\n<td align=\"center\">4.<\/td>\n<td align=\"center\">Kobel Simon<\/td>\n<td align=\"center\">3.83 m<\/td>\n<td><\/td>\n<td align=\"center\">4.<\/td>\n<td align=\"center\">Niederhauser Christine<\/td>\n<td align=\"center\">3.44 m<\/td>\n<\/tr>\n<tr align=\"center\">\n<td align=\"center\">5.<\/td>\n<td align=\"center\">Bigler Markus<\/td>\n<td align=\"center\">3.80 m<\/td>\n<td><\/td>\n<td align=\"center\">5.<\/td>\n<td align=\"center\">Bigler Vanessa<\/td>\n<td align=\"center\">3.39 m<\/td>\n<\/tr>\n<tr align=\"center\">\n<td align=\"center\">6.<\/td>\n<td align=\"center\">Mahindan Nathan<\/td>\n<td align=\"center\">3.62 m<\/td>\n<td><\/td>\n<td colspan=\"3\" align=\"center\"><\/td>\n<\/tr>\n<tr align=\"center\">\n<td align=\"center\">7.<\/td>\n<td align=\"center\">Gerber Jonas<\/td>\n<td align=\"center\">3.46 m<\/td>\n<td><\/td>\n<td colspan=\"3\" align=\"center\"><\/td>\n<\/tr>\n<tr align=\"center\">\n<td align=\"center\">8.<\/td>\n<td align=\"center\">Blunier Marc<\/td>\n<td align=\"center\">3.45 m<\/td>\n<td><\/td>\n<td colspan=\"3\" align=\"center\"><\/td>\n<\/tr>\n<tr align=\"center\">\n<td align=\"center\">9.<\/td>\n<td align=\"center\">Haldemann Beat<\/td>\n<td align=\"center\">3.42 m<\/td>\n<td><\/td>\n<td colspan=\"3\" align=\"center\"><\/td>\n<\/tr>\n<tr align=\"center\">\n<td align=\"center\">10.<\/td>\n<td align=\"center\">Zaugg Roland<\/td>\n<td align=\"center\">3.35 m<\/td>\n<td><\/td>\n<td colspan=\"3\" align=\"center\"><\/td>\n<\/tr>\n<tr align=\"center\">\n<td align=\"center\">11.<\/td>\n<td align=\"center\">Haldemann Peter<\/td>\n<td align=\"center\">3.30 m<\/td>\n<td><\/td>\n<td colspan=\"3\" align=\"center\"><\/td>\n<\/tr>\n<tr align=\"center\">\n<td align=\"center\">12.<\/td>\n<td align=\"center\">Fankhauser Michael<\/td>\n<td align=\"center\">3.29 m<\/td>\n<td><\/td>\n<td colspan=\"3\" align=\"center\"><\/td>\n<\/tr>\n<tr align=\"center\">\n<td align=\"center\">13.<\/td>\n<td align=\"center\">Niederhauser Samuel<\/td>\n<td align=\"center\">3.25 m<\/td>\n<td><\/td>\n<td colspan=\"3\" align=\"center\"><\/td>\n<\/tr>\n<tr align=\"center\">\n<td align=\"center\">14.<\/td>\n<td align=\"center\">Merz Thomas<\/td>\n<td align=\"center\">3.23 m<\/td>\n<td><\/td>\n<td colspan=\"3\" align=\"center\"><\/td>\n<\/tr>\n<tr align=\"center\">\n<td align=\"center\">15.<\/td>\n<td align=\"center\">W\u00fcthrich Thomas<\/td>\n<td align=\"center\">3.21 m<\/td>\n<td><\/td>\n<td colspan=\"3\" align=\"center\"><\/td>\n<\/tr>\n<tr align=\"center\">\n<td align=\"center\">16.<\/td>\n<td align=\"center\">Blaser Hanspeter<\/td>\n<td align=\"center\">3.00 m<\/td>\n<td><\/td>\n<td colspan=\"3\" align=\"center\"><\/td>\n<\/tr>\n<tr align=\"center\">\n<td align=\"center\">17.<\/td>\n<td align=\"center\">Reber Reto<\/td>\n<td align=\"center\">2.92 m (2.87)<\/td>\n<td><\/td>\n<td colspan=\"3\" align=\"center\"><\/td>\n<\/tr>\n<tr align=\"center\">\n<td align=\"center\">18.<\/td>\n<td align=\"center\">Schwarzentrub Markus<\/td>\n<td align=\"center\">2.92 m (2.58)<\/td>\n<td><\/td>\n<td colspan=\"3\" align=\"center\"><\/td>\n<\/tr>\n<tr align=\"center\">\n<td align=\"center\">19.<\/td>\n<td align=\"center\">Habegger Andreas<\/td>\n<td align=\"center\">2.71 m<\/td>\n<td><\/td>\n<td colspan=\"3\" align=\"center\"><\/td>\n<\/tr>\n<\/tbody>\n<\/table>\n<p>Ein Herzliches Dankesch\u00f6n an die Familie Kobel f\u00fcr die allj\u00e4hrliche Gastfreundschaft.<\/p>\n","protected":false},"excerpt":{"rendered":"<p>Traditionell am ersten Sonntag im September findet die Risisegg Chilbi statt. So auch dieses Jahr. Bei angenehmen Temparaturen und einem Mix aus Wolken und Sonne fanden recht viele Besucher den Weg auf die Risisegg zu Kobels. Aus aktuellem Anlass zeigten <a class=\"more-link\" href=\"https:\/\/www.tvtrubschachen.ch\/?p=945\"><span class=\"screen-reader-text\">  Risisegg Chilbi 2013<\/span> weiterlesen<span class=\"meta-nav\">&rarr;<\/span><\/a><\/p>\n","protected":false},"author":2,"featured_media":0,"comment_status":"closed","ping_status":"closed","sticky":false,"template":"","format":"standard","meta":{"ngg_post_thumbnail":0,"footnotes":""},"categories":[3],"tags":[],"class_list":["post-945","post","type-post","status-publish","format-standard","hentry","category-turnverein"],"_links":{"self":[{"href":"https:\/\/www.tvtrubschachen.ch\/index.php?rest_route=\/wp\/v2\/posts\/945","targetHints":{"allow":["GET"]}}],"collection":[{"href":"https:\/\/www.tvtrubschachen.ch\/index.php?rest_route=\/wp\/v2\/posts"}],"about":[{"href":"https:\/\/www.tvtrubschachen.ch\/index.php?rest_route=\/wp\/v2\/types\/post"}],"author":[{"embeddable":true,"href":"https:\/\/www.tvtrubschachen.ch\/index.php?rest_route=\/wp\/v2\/users\/2"}],"replies":[{"embeddable":true,"href":"https:\/\/www.tvtrubschachen.ch\/index.php?rest_route=%2Fwp%2Fv2%2Fcomments&post=945"}],"version-history":[{"count":1,"href":"https:\/\/www.tvtrubschachen.ch\/index.php?rest_route=\/wp\/v2\/posts\/945\/revisions"}],"predecessor-version":[{"id":946,"href":"https:\/\/www.tvtrubschachen.ch\/index.php?rest_route=\/wp\/v2\/posts\/945\/revisions\/946"}],"wp:attachment":[{"href":"https:\/\/www.tvtrubschachen.ch\/index.php?rest_route=%2Fwp%2Fv2%2Fmedia&parent=945"}],"wp:term":[{"taxonomy":"category","embeddable":true,"href":"https:\/\/www.tvtrubschachen.ch\/index.php?rest_route=%2Fwp%2Fv2%2Fcategories&post=945"},{"taxonomy":"post_tag","embeddable":true,"href":"https:\/\/www.tvtrubschachen.ch\/index.php?rest_route=%2Fwp%2Fv2%2Ftags&post=945"}],"curies":[{"name":"wp","href":"https:\/\/api.w.org\/{rel}","templated":true}]}}