{"id":940,"date":"2013-08-24T14:59:05","date_gmt":"2013-08-24T13:59:05","guid":{"rendered":"http:\/\/www.tvtrubschachen.ch\/?p=940"},"modified":"2013-08-24T14:59:05","modified_gmt":"2013-08-24T13:59:05","slug":"papi-lauf-2013","status":"publish","type":"post","link":"https:\/\/www.tvtrubschachen.ch\/?p=940","title":{"rendered":"Papi-Lauf 2013"},"content":{"rendered":"<p>Auch in diesem Jahr fand am 13. August der Papi-Lauf aufs Nieder\u00e4nzi statt.<br \/>\nGanz unten im Graben fanden sich 12 Athleten und Athletinnen beim Start ein.<br \/>\nF\u00fcr \u201eprofessionelle Zeitmessung\u201c sorgten Bluniers. Im Intervall von 2 min machten sich die L\u00e4ufer auf die Strecke.<br \/>\nWird man hier vom Hammermann getroffen ergibt sich praktisch keine M\u00f6glichkeit mehr sich zu erholen. Denn die Strecke kennt praktisch nur eine Richtung \u2013 Hinauf!<br \/>\nDank der Abwesenheit der \u201eL\u00e4ufer\u201c konnte Bigler K\u00fcsu das Rennen in diesem Jahr in einer Zeit von 14.53 min f\u00fcr sich entscheiden. Das Podest vervollst\u00e4ndigten Corti Mich\u00e8le (Platz zwei) und Merz Thom (Platz drei).<br \/>\nIm Anschluss wurden wir wie immer bestens verpflegt und die Aussicht \u00fcber die tolle Emmentaler Landschaft entsch\u00e4digte f\u00fcr die Strapazen beim Aufstieg.<\/p>\n<p>Vielen Dank Merzes f\u00fcr Speis und Trank<\/p>\n<p><a href=\"http:\/\/www.tvtrubschachen.ch\/wp-content\/uploads\/2013\/08\/Rangliste-Papi-Lauf.pdf\" target=\"_blank\">Rangliste Papi-Lauf<\/a><\/p>\n<p>&nbsp;<\/p>\n","protected":false},"excerpt":{"rendered":"<p>Auch in diesem Jahr fand am 13. August der Papi-Lauf aufs Nieder\u00e4nzi statt. Ganz unten im Graben fanden sich 12 Athleten und Athletinnen beim Start ein. F\u00fcr \u201eprofessionelle Zeitmessung\u201c sorgten Bluniers. Im Intervall von 2 min machten sich die L\u00e4ufer <a class=\"more-link\" href=\"https:\/\/www.tvtrubschachen.ch\/?p=940\"><span class=\"screen-reader-text\">  Papi-Lauf 2013<\/span> weiterlesen<span class=\"meta-nav\">&rarr;<\/span><\/a><\/p>\n","protected":false},"author":2,"featured_media":0,"comment_status":"closed","ping_status":"closed","sticky":false,"template":"","format":"standard","meta":{"ngg_post_thumbnail":0,"footnotes":""},"categories":[3],"tags":[],"class_list":["post-940","post","type-post","status-publish","format-standard","hentry","category-turnverein"],"_links":{"self":[{"href":"https:\/\/www.tvtrubschachen.ch\/index.php?rest_route=\/wp\/v2\/posts\/940","targetHints":{"allow":["GET"]}}],"collection":[{"href":"https:\/\/www.tvtrubschachen.ch\/index.php?rest_route=\/wp\/v2\/posts"}],"about":[{"href":"https:\/\/www.tvtrubschachen.ch\/index.php?rest_route=\/wp\/v2\/types\/post"}],"author":[{"embeddable":true,"href":"https:\/\/www.tvtrubschachen.ch\/index.php?rest_route=\/wp\/v2\/users\/2"}],"replies":[{"embeddable":true,"href":"https:\/\/www.tvtrubschachen.ch\/index.php?rest_route=%2Fwp%2Fv2%2Fcomments&post=940"}],"version-history":[{"count":1,"href":"https:\/\/www.tvtrubschachen.ch\/index.php?rest_route=\/wp\/v2\/posts\/940\/revisions"}],"predecessor-version":[{"id":942,"href":"https:\/\/www.tvtrubschachen.ch\/index.php?rest_route=\/wp\/v2\/posts\/940\/revisions\/942"}],"wp:attachment":[{"href":"https:\/\/www.tvtrubschachen.ch\/index.php?rest_route=%2Fwp%2Fv2%2Fmedia&parent=940"}],"wp:term":[{"taxonomy":"category","embeddable":true,"href":"https:\/\/www.tvtrubschachen.ch\/index.php?rest_route=%2Fwp%2Fv2%2Fcategories&post=940"},{"taxonomy":"post_tag","embeddable":true,"href":"https:\/\/www.tvtrubschachen.ch\/index.php?rest_route=%2Fwp%2Fv2%2Ftags&post=940"}],"curies":[{"name":"wp","href":"https:\/\/api.w.org\/{rel}","templated":true}]}}