{"id":894,"date":"2013-07-23T05:59:08","date_gmt":"2013-07-23T04:59:08","guid":{"rendered":"http:\/\/www.tvtrubschachen.ch\/?p=894"},"modified":"2013-07-23T05:59:08","modified_gmt":"2013-07-23T04:59:08","slug":"ol-giebelwald-12-juli-2013-bericht-markus-bigler","status":"publish","type":"post","link":"https:\/\/www.tvtrubschachen.ch\/?p=894","title":{"rendered":"OL Giebelwald 12. Juli 2013 (Bericht Markus Bigler)"},"content":{"rendered":"<h5 data-ft=\"{&quot;type&quot;:1,&quot;tn&quot;:&quot;K&quot;}\">Nach ein paar Jahren Unterbruch organisierte die M\u00e4nnerriege Langnau wieder einen OL.<br \/>\nDie erste Schwierigkeit f\u00fcr Einige war scheinbar herauszufinden, wo dieser stattfindet.<br \/>\nEs fanden dann schliesslich 15 aktive L\u00e4ufer den Startplatz bei der Br\u00e4tlistelle auf Giebel.<br \/>\nChristoph Hofer hatte 13 Posten im Wald versteckt, die es nun schnellst m\u00f6glich zu finden galt. Dies gelang den Einen besser den Anderen etwas weniger gut. Einzelnen schien der Giebelwald so gut zu gefallen, dass sie recht lange darin verweilten. Kurz vor dem Eindunkeln waren dann aber wieder alle L\u00e4ufer am Ziel. OL steht eben f\u00fcr Orientierungslauf und nicht \u201eorientierungslos\u201c!<br \/>\nBigler K\u00fcsu realisierte mit 19:09 min die Tagesbestzeit vor Blaser Michu (21:50 min) und Z\u00fcrcher Paul (22:30 min).<br \/>\nEinige L\u00e4ufer (Namen dem Schreiber bekannt) versuchten mit unerlaubten Methoden einen vorderen Platz zu erk\u00e4mpfen. Der aufmerksame Kurssetzer bemerkte dies aber sofort und strich die fehlbaren Athleten aus der Wertung.<br \/>\nIm Anschluss an den Lauf konnten alle bei perfekter Glut und einem warmen Sommerabend das Fleisch grillieren und den Tag rund ums Lagerfeuer herum ausklingen lassen.<br \/>\nEs tauchte die eine oder andere unvergessliche Geschichte von fr\u00fcheren OL\u2019s wieder auf. So das beschlossen wurde, dass der OL auch im n\u00e4chsten Jahr wieder stattfinden soll.<\/p>\n<p>Vielen Dank Tinu Bohnenblust und der M\u00e4nnerriege Langnau f\u00fcr die Organisation!<\/h5>\n","protected":false},"excerpt":{"rendered":"<p>Nach ein paar Jahren Unterbruch organisierte die M\u00e4nnerriege Langnau wieder einen OL. Die erste Schwierigkeit f\u00fcr Einige war scheinbar herauszufinden, wo dieser stattfindet. Es fanden dann schliesslich 15 aktive L\u00e4ufer den Startplatz bei der Br\u00e4tlistelle auf Giebel. Christoph Hofer hatte <a class=\"more-link\" href=\"https:\/\/www.tvtrubschachen.ch\/?p=894\"><span class=\"screen-reader-text\">  OL Giebelwald 12. Juli 2013 (Bericht Markus Bigler)<\/span> weiterlesen<span class=\"meta-nav\">&rarr;<\/span><\/a><\/p>\n","protected":false},"author":2,"featured_media":0,"comment_status":"closed","ping_status":"closed","sticky":false,"template":"","format":"standard","meta":{"ngg_post_thumbnail":0,"footnotes":""},"categories":[3],"tags":[],"class_list":["post-894","post","type-post","status-publish","format-standard","hentry","category-turnverein"],"_links":{"self":[{"href":"https:\/\/www.tvtrubschachen.ch\/index.php?rest_route=\/wp\/v2\/posts\/894","targetHints":{"allow":["GET"]}}],"collection":[{"href":"https:\/\/www.tvtrubschachen.ch\/index.php?rest_route=\/wp\/v2\/posts"}],"about":[{"href":"https:\/\/www.tvtrubschachen.ch\/index.php?rest_route=\/wp\/v2\/types\/post"}],"author":[{"embeddable":true,"href":"https:\/\/www.tvtrubschachen.ch\/index.php?rest_route=\/wp\/v2\/users\/2"}],"replies":[{"embeddable":true,"href":"https:\/\/www.tvtrubschachen.ch\/index.php?rest_route=%2Fwp%2Fv2%2Fcomments&post=894"}],"version-history":[{"count":1,"href":"https:\/\/www.tvtrubschachen.ch\/index.php?rest_route=\/wp\/v2\/posts\/894\/revisions"}],"predecessor-version":[{"id":895,"href":"https:\/\/www.tvtrubschachen.ch\/index.php?rest_route=\/wp\/v2\/posts\/894\/revisions\/895"}],"wp:attachment":[{"href":"https:\/\/www.tvtrubschachen.ch\/index.php?rest_route=%2Fwp%2Fv2%2Fmedia&parent=894"}],"wp:term":[{"taxonomy":"category","embeddable":true,"href":"https:\/\/www.tvtrubschachen.ch\/index.php?rest_route=%2Fwp%2Fv2%2Fcategories&post=894"},{"taxonomy":"post_tag","embeddable":true,"href":"https:\/\/www.tvtrubschachen.ch\/index.php?rest_route=%2Fwp%2Fv2%2Ftags&post=894"}],"curies":[{"name":"wp","href":"https:\/\/api.w.org\/{rel}","templated":true}]}}