{"id":879,"date":"2010-06-26T13:22:12","date_gmt":"2010-06-26T12:22:12","guid":{"rendered":"http:\/\/www.tvtrubschachen.ch\/?p=879"},"modified":"2013-06-30T13:27:14","modified_gmt":"2013-06-30T12:27:14","slug":"kantonalturnfest-utzenstorf-2010","status":"publish","type":"post","link":"https:\/\/www.tvtrubschachen.ch\/?p=879","title":{"rendered":"Kantonalturnfest Utzenstorf 2010"},"content":{"rendered":"<p>TV Trubschachen turnt sich an die Spitze<\/p>\n<p>In Utzenstorf fand an den zwei vergangenen Wochendenden das Berner Kantonalturnfest statt.<br \/>\nMit hervorragenden Leistungen konnte sich der Turnverein Trubschachen den ersten Platz des<br \/>\n3-teiligen Vereinswettkampfes in der 5. St\u00e4rkeklasse sichern!<br \/>\nIm Hochsprung, Kugelstossen, Schleuderball, 800m Lauf und Steinstossen galt es um jeden<br \/>\nZentimeter oder jede Sekunde zu k\u00e4mpfen. Die hochsommerlichen Bedingungen machte den<br \/>\nAthleten nichts aus. Dank einer super Mannschaftsleistung und zum Teil herausragenden Einzelresultaten<br \/>\nd\u00fcrfen sich die Turner aus Trubschachen mit Recht Turnfestsieger nennen. Als einziger<br \/>\nSiegerverein des Turnfestes geh\u00f6rt der TV Trubschachen zum organisierenden Turnverband Oberaargau<br \/>\nEmmental (TBOE). Es ist schlicht fantastisch was die Sch\u00e4cheler da aus Ihren M\u00f6glichkeiten gemacht haben.<\/p>\n<p>&#8212;-<\/p>\n<h1>Dr TV Trubschache isch Turnfeschtsieger!!!<\/h1>\n<p><b><span style=\"text-decoration: underline;\">Einzel<\/span><\/b><\/p>\n<p>Bei schon fast winterlichen Temperaturen und sehr regnerisschem Wetter wagten sich 4 Turner aus Trubschachen nach Utzenstorf zum Einzelwettkampf und<br \/>\ndamit zum Auftakt des diesj\u00e4hrigen Turnfestes.<br \/>\nW\u00e4hrend Simon Kobel und Markus Bigler bei den Senioren an den Start traten, taten es Ihnen Bruno Leuenberger und Patrick Zaugg bei den Aktiven gleich.<\/p>\n<p>Die Jungs hatten mit wiederlichen Bedingungen zu k\u00e4mpfen Zeitweise mussten die Wettk\u00e4mpfe wegen der heftigen Regenschauer eingestellt werden. W\u00e4hrend<br \/>\nBigler fr\u00fch im Wettkampf forfait geben musste, k\u00e4mpften sich die anderen drei is zum Schluss durch.<\/p>\n<p>Kobel und Leunberger sicherten sich einen Diplomplatz , Zaugg verpasste einen solchen nur sehr knapp.<\/p>\n<p><a href=\"http:\/\/www.tvtrubschachen.ch\/wp-content\/uploads\/2010\/06\/Rangliste_LA_Maenner_Kat_F_Sechskampf_TU.pdf\" target=\"_blank\">Rangliste 6-Kampf Maenner<\/a><\/p>\n<p><a href=\"http:\/\/www.tvtrubschachen.ch\/wp-content\/uploads\/2010\/06\/Rangliste_LA_Maenner_Kat_E_Fuenfkampf_Senioren.pdf\" target=\"_blank\">Rangliste 5-Kampf Senioren<\/a><\/p>\n<p><a href=\"http:\/\/www.tvtrubschachen.ch\/wp-content\/uploads\/2010\/06\/Gesamtrangliste_Wochenende_1.pdf\" target=\"_blank\">Gesamtrangliste 1. Wochenende<\/a><\/p>\n<p><b><span style=\"text-decoration: underline;\">Sektion<\/span><\/b><\/p>\n<p>Im Gegensatz zum Vorwochenende pr\u00e4sentierte sich diesmal der Sommer von seiner besten Seite. So machten wir uns am Samstag Mittag auf den Weg nach<br \/>\nUtzenstorf. Die vom VizePr\u00e4si grandios organisierte ANreise verlief planm\u00e4ssig, sodass wir gem\u00e4ss Programm zum Einlaufen antreten konnten.<\/p>\n<p>Der Sektionswettkampf sollte f\u00fcr den TV Trubschachen gleich mit einem Paukenschlag beginnen: Die Hochspringer blieben mit soliden Leistungen genau im<br \/>\nSoll, zu erw\u00e4hnen sind hier sicher BIG&#8217;s 1.85m. Gelichzeitig zuden Hochspringern starteten auch die Kugelst\u00f6sser mit guten Versuchen gelang den Werfern<br \/>\neine optimale Durchschnittsweite von 14.10m! Herausragend die 14.95m von Tom Kr\u00e4henb\u00fchl.<\/p>\n<table border=\"1\" cellspacing=\"0\">\n<tbody>\n<tr>\n<td colspan=\"3\" width=\"350\">1. Teil<\/td>\n<\/tr>\n<tr>\n<td width=\"100\">Hochsprung (4)<\/td>\n<td width=\"150\">Durchschnittsh\u00f6he: 1.70m<\/td>\n<td width=\"100\">Punkte: 9.00<\/td>\n<\/tr>\n<tr>\n<td>Kugelstossen (4)<\/td>\n<td>Durchschnittsweite: 14.02m<\/td>\n<td>Punkte: 9.68<\/td>\n<\/tr>\n<tr>\n<td colspan=\"3\" align=\"right\">Punkte 1. Teil: 9.34<\/td>\n<\/tr>\n<\/tbody>\n<\/table>\n<p>(Zahl in Klammer = Anzahl Turner)<\/p>\n<p>Nach diesem starken und motivierenden Auftakt gings zum Teil zwei. Hier mit einem Novum f\u00fcr den TVT. Wir liessen das Weitspringen aus und versuchten<br \/>\nunser Gl\u00fcck mit 8 Turnern im Schleuderball. Die Hauptprobe an den Verbansmeisterschaften gelang mit 48.03 doch vielversprechend. Mit einer<br \/>\ngeschlossenen Mannschaftsleistung sollten wir den Wert der Verbandsmeisterschaften nochmal pulverisieren. Wiederum war es Big der um den Tagesbestwert<br \/>\nbesorgt war: 55.46m seine Weite.<\/p>\n<table border=\"1\" cellspacing=\"0\">\n<tbody>\n<tr>\n<td colspan=\"3\" width=\"350\">2. Teil<\/td>\n<\/tr>\n<tr>\n<td width=\"100\">Schleuderball (8)<\/td>\n<td width=\"150\">Durchschnittsweite: 50.61m<\/td>\n<td width=\"100\">Punkte: 9.90<\/td>\n<\/tr>\n<tr>\n<td colspan=\"3\" align=\"right\">Punkte 2. Teil: 9.90<\/td>\n<\/tr>\n<\/tbody>\n<\/table>\n<p>Mit einem \u00e4hnlich guten dritten Teil w\u00e4ren wir ein ernsthafter Kandidat f\u00fcr einen Podestplatz in unserer St\u00e4rkeklasse. F\u00fcr den Schlussteil mussten<br \/>\ndie L\u00e4ufer nach Kirchberg verschieben. Der 800m Lauf wurde dort auf dem Kunstrasen durchgef\u00fchrt. Gleichzeitig sollten die Werfer im Steinstossen<br \/>\nnochmal um gute Weiten k\u00e4mpfen. Die 800er L\u00e4ufer liefgen gute Zeiten und konnten die Erwartungen best\u00e4tigen, derweil konnten die Steinst\u00f6sser \u00fcber<br \/>\nsich hinauswachsen. Rene mit 9.71m und Tom K. mit 10.04m zeigetn sich f\u00fcr die Spitzenwerte verantwortlich.<\/p>\n<table border=\"1\" cellspacing=\"0\">\n<tbody>\n<tr>\n<td colspan=\"3\" width=\"350\">3. Teil<\/td>\n<\/tr>\n<tr>\n<td width=\"100\">800m (4)<\/td>\n<td width=\"150\">Durchschnittszeit: 137sek.<\/td>\n<td width=\"100\">Punkte: 8.87<\/td>\n<\/tr>\n<tr>\n<td>Steinstossen (4)<\/td>\n<td>Durchschnittsweite: 9.40m<\/td>\n<td>Punkte:9.40<\/td>\n<\/tr>\n<tr>\n<td colspan=\"3\" align=\"right\">Punkte 3. Teil: 9.14<\/td>\n<\/tr>\n<\/tbody>\n<\/table>\n<table border=\"1\" cellspacing=\"0\">\n<tbody>\n<tr>\n<td width=\"100\">Teil 1<\/td>\n<td width=\"100\">9.34<\/td>\n<\/tr>\n<tr>\n<td>Teil 2<\/td>\n<td>9.90<\/td>\n<\/tr>\n<tr>\n<td>Teil 3<\/td>\n<td>9.14<\/td>\n<\/tr>\n<tr>\n<td><b>Punktetotal:<\/b><\/td>\n<td><b>28.38<\/b><\/td>\n<\/tr>\n<\/tbody>\n<\/table>\n<h2>Mit diesem super Wettkampf und dem Punktetotal von 28.38 haben wir den Turnfestsieg in der 5. St\u00e4rkeklasse gewonnen!<\/h2>\n<p><a href=\"http:\/\/www.tvtrubschachen.ch\/wp-content\/uploads\/2010\/06\/Rangliste_Vereinswettkampf_Aktive_3-teilig_Staerkeklasse_5.pdf\" target=\"_blank\">Rangliste Sektion 5. St\u00e4rkeklasse<\/a><\/p>\n<p><a href=\"http:\/\/www.tvtrubschachen.ch\/wp-content\/uploads\/2010\/06\/Gesamtrangliste_Wochenende_2.pdf\" target=\"_blank\">Gesamtrangliste 2. Wochenende<\/a><\/p>\n<p>Nat\u00fcrlich musste dieser Festsieg auch geb\u00fchrend gefeiert werden. Daf\u00fcr waren Mike, Andi und Tom Merz als Autosponsor verantwortlich.<\/p>\n<p>An dieser Stelle lassen wir jetzt mal die Bilder reden&#8230;..<\/p>\n<table align=\"center\">\n<tbody>\n<tr align=\"center\">\n<td><img decoding=\"async\" alt=\"\" src=\"..\/gallerie\/gal2010\/20100627-27.06.2010_Berner_Kantonal_Turnfest_Utzenstorf\/104.jpg\" width=\"150\" \/><\/td>\n<td><img decoding=\"async\" alt=\"\" src=\"..\/gallerie\/gal2010\/20100627-27.06.2010_Berner_Kantonal_Turnfest_Utzenstorf\/105.jpg\" width=\"150\" \/><\/td>\n<td><img decoding=\"async\" alt=\"\" src=\"..\/gallerie\/gal2010\/20100627-27.06.2010_Berner_Kantonal_Turnfest_Utzenstorf\/106.jpg\" width=\"150\" \/><\/td>\n<\/tr>\n<tr align=\"center\">\n<td><img decoding=\"async\" alt=\"\" src=\"..\/gallerie\/gal2010\/20100627-27.06.2010_Berner_Kantonal_Turnfest_Utzenstorf\/107.jpg\" width=\"150\" \/><\/td>\n<td><img decoding=\"async\" alt=\"\" src=\"..\/gallerie\/gal2010\/20100627-27.06.2010_Berner_Kantonal_Turnfest_Utzenstorf\/110.jpg\" width=\"150\" \/><\/td>\n<td><img decoding=\"async\" alt=\"\" src=\"..\/gallerie\/gal2010\/20100627-27.06.2010_Berner_Kantonal_Turnfest_Utzenstorf\/134.jpg\" width=\"150\" \/><\/td>\n<\/tr>\n<\/tbody>\n<\/table>\n<p>&nbsp;<\/p>\n<table align=\"center\">\n<tbody>\n<tr align=\"center\">\n<td><img decoding=\"async\" alt=\"\" src=\"..\/gallerie\/gal2010\/20100627-27.06.2010_Berner_Kantonal_Turnfest_Utzenstorf\/130.jpg\" width=\"500\" \/><\/td>\n<\/tr>\n<\/tbody>\n<\/table>\n<h1>Dr TV Trubschache isch Turnfeschtsieger!!!<\/h1>\n","protected":false},"excerpt":{"rendered":"<p>TV Trubschachen turnt sich an die Spitze In Utzenstorf fand an den zwei vergangenen Wochendenden das Berner Kantonalturnfest statt. Mit hervorragenden Leistungen konnte sich der Turnverein Trubschachen den ersten Platz des 3-teiligen Vereinswettkampfes in der 5. St\u00e4rkeklasse sichern! Im Hochsprung, <a class=\"more-link\" href=\"https:\/\/www.tvtrubschachen.ch\/?p=879\"><span class=\"screen-reader-text\">  Kantonalturnfest Utzenstorf 2010<\/span> weiterlesen<span class=\"meta-nav\">&rarr;<\/span><\/a><\/p>\n","protected":false},"author":2,"featured_media":0,"comment_status":"closed","ping_status":"closed","sticky":false,"template":"","format":"standard","meta":{"ngg_post_thumbnail":0,"footnotes":""},"categories":[3],"tags":[],"class_list":["post-879","post","type-post","status-publish","format-standard","hentry","category-turnverein"],"_links":{"self":[{"href":"https:\/\/www.tvtrubschachen.ch\/index.php?rest_route=\/wp\/v2\/posts\/879","targetHints":{"allow":["GET"]}}],"collection":[{"href":"https:\/\/www.tvtrubschachen.ch\/index.php?rest_route=\/wp\/v2\/posts"}],"about":[{"href":"https:\/\/www.tvtrubschachen.ch\/index.php?rest_route=\/wp\/v2\/types\/post"}],"author":[{"embeddable":true,"href":"https:\/\/www.tvtrubschachen.ch\/index.php?rest_route=\/wp\/v2\/users\/2"}],"replies":[{"embeddable":true,"href":"https:\/\/www.tvtrubschachen.ch\/index.php?rest_route=%2Fwp%2Fv2%2Fcomments&post=879"}],"version-history":[{"count":2,"href":"https:\/\/www.tvtrubschachen.ch\/index.php?rest_route=\/wp\/v2\/posts\/879\/revisions"}],"predecessor-version":[{"id":881,"href":"https:\/\/www.tvtrubschachen.ch\/index.php?rest_route=\/wp\/v2\/posts\/879\/revisions\/881"}],"wp:attachment":[{"href":"https:\/\/www.tvtrubschachen.ch\/index.php?rest_route=%2Fwp%2Fv2%2Fmedia&parent=879"}],"wp:term":[{"taxonomy":"category","embeddable":true,"href":"https:\/\/www.tvtrubschachen.ch\/index.php?rest_route=%2Fwp%2Fv2%2Fcategories&post=879"},{"taxonomy":"post_tag","embeddable":true,"href":"https:\/\/www.tvtrubschachen.ch\/index.php?rest_route=%2Fwp%2Fv2%2Ftags&post=879"}],"curies":[{"name":"wp","href":"https:\/\/api.w.org\/{rel}","templated":true}]}}