{"id":875,"date":"2009-06-28T11:04:17","date_gmt":"2009-06-28T10:04:17","guid":{"rendered":"http:\/\/www.tvtrubschachen.ch\/?p=875"},"modified":"2013-06-30T11:08:51","modified_gmt":"2013-06-30T10:08:51","slug":"turnfest-langrickenbach-2009","status":"publish","type":"post","link":"https:\/\/www.tvtrubschachen.ch\/?p=875","title":{"rendered":"Turnfest Langrickenbach 2009"},"content":{"rendered":"<p>ein Fest in 6 Akten<br \/>\n1. Akt: Einzel<br \/>\nDie Athleten welche den Leichtathletik F\u00fcnfkampf bestritten reisten bereits am Freitag nach<br \/>\nLangrickenbach.<br \/>\nEs waren dies namentlich: Kobel Simon , Bigler Markus ,<br \/>\nThomas Jakob , Bruno Leuenberger und Michael Blaser .<br \/>\nSowie Hans Beyeler welcher als Kampfrichter fungierte.<br \/>\nLeider hatte Bigler mit einer alten &#8218;Kriegsverletzung&#8216; zu<br \/>\nk\u00e4mpfen und konnte den F\u00fcnfkampf nicht bestreiten.<br \/>\nDie anderen Leichtathleten f\u00fcllten jedoch die grosse L\u00fccke<br \/>\ndie Bigler hinterliess nahezu vollst\u00e4ndig auf:<br \/>\nJeder gab sein bestes und das f\u00fchrte dazu das schliesslich<br \/>\nBruno Leuenberger (unsere &#8218;Neuerwerbung&#8216;) in der Kategorie Junioren zuoberst auf dem Podest<br \/>\nstand.<br \/>\nMike holte in der Kategorie &#8218;aktive&#8216; eine Medaille, n\u00e4mlich die Bronzene.<br \/>\nAuch Schumi und Simu waren im vorderen Drittel der Rangliste vertreten. Dies wurde mit je einem<br \/>\nDiplom f\u00fcr den 6.Platz von Schumi und den 8.Platz von Simu belohnt.<br \/>\nGRATULATION!<br \/>\nNach dem Wettkampf, so wird gemunkelt, sei unseren Athleten und Kampfrichtern ein Opel Zafira<br \/>\nzur Verf\u00fcgung gestellt worden damit diese in der Nachbargemeinde zu Abend essen konnten.<br \/>\n2. Akt: Sektion<br \/>\nDer Sektionswettkampf startete f\u00fcr uns am Samstag Sp\u00e4t-Nachmittag. Die<br \/>\nsp\u00e4te Startzeit erm\u00f6glichte es uns erst um 11.11 Uhr in Trubschachen mit der<br \/>\nEisenbahn das Abenteuer Turnfest 09 zu starten. Wir reisten via Luzern,<br \/>\nZ\u00fcrich, Amriswil nach Langrickenbach. Die Reise verlief ereignislos.<br \/>\nJeder Athlet und Supporter st\u00e4rkte sich auf seine Weise f\u00fcr die bevorstehenden<br \/>\nWettk\u00e4mpfe.<br \/>\nSchliesslich erreichten wir Langrickenbach wo wir bereits nach kurzer Zeit feststellten das es sich<br \/>\nhier um ein kleines aber feines Kreisturnfest im Thurgau handelte.<br \/>\nWir sichteten unsere Einzelk\u00e4mpfer sofort und fragten nach ihrem Allgemeinzustand:<br \/>\nDie Ausk\u00fcnfte waren in etwa diese:<br \/>\nAthlet a: gut, aber mache heute nur Wurfdisziplinen<br \/>\nAthlet b: topmotiviert!<br \/>\nAthlet c: wann geht&#8217;s los?<br \/>\nAthlet d: habe leichte Verdauungsprobleme<br \/>\nAthlet e: will noch ein wenig liegen!<br \/>\nNach dem Einlaufen starteten wir schliesslich unseren Wettkampf um 17:15 mit dem 1.Teil des<br \/>\nDreiteiligen Sektionswettkampfs in der 5.St\u00e4rkeklasse. Die ersten beiden Disziplinen waren<br \/>\nHochsprung und Schleuderball.<br \/>\nIm Hochsprung \u00fcberquerten Blaser Mike, Leuenberger Bruno, Simon<br \/>\nKobel und W\u00fcthrich Thomas die Latte im Durchschnitt exakt bei 160cm<br \/>\nwas 8.00 Punkten entsprach.<br \/>\nIm Schleuderball erreichten unsere Wettk\u00e4mpfer Beyeler Hans, Merz<br \/>\nThomas, Wieder Beat, Kr\u00e4henb\u00fchl Thomas, Bigler Markus und Blunier<br \/>\nMarc eine Durchschnittsweite von 48.47m (9.28Punkte).<br \/>\nDas Ziel von unserem Oberturner waren 27Punkte. Dieses Ziel, so zeigte sich bereits nach dem<br \/>\nersten Wettkampfteil war nur sehr schwierig zu erreichen.<br \/>\nDer zweite Teil bestand aus Weitsprung und Kugelstossen.<br \/>\nHier wurden sehr gute Resultate erzielt. Im Weitsprung schaffte Simon<br \/>\nKobel beinahe 6m und Markus Bigler stiess die Kugel nach zwei<br \/>\n&#8218;m\u00e4ssigen&#8216; Versuchen auf 15.26m.<br \/>\nDie Weitspringer waren Blaser Mike, Kobel Simon, Leuenberger Bruno,<br \/>\nW\u00fcthrich Thomas, Glanzmann Patrick. Sie erreichten eine<br \/>\nDurchschnittsweite von 5.35m was 8.1Punkten entsprach.<br \/>\nDie Kugelst\u00f6sser, Wiedmer Beat, Zaugg Patrick, Kr\u00e4henb\u00fchl Thomas,<br \/>\nKaufmann Stefan und Bigler Markus stiessen die Kugel im Schnitt auf hervorragende 13.87m<br \/>\n(9.58Punkte)<br \/>\nDer letzte Wettkampfteil schliesslich startete um 19:00 mit Steinstossen und 800m Lauf.<br \/>\nUnd hier kommen wir nun aufs doch in der letzten Zeit eher unbest\u00e4ndige<br \/>\nWetter zu sprechen. Das war nicht nur im Emmental so, nein, auch in<br \/>\nLangrickenbach war der Boden durch den Regen aufgeweicht. Die 400m Bahn<br \/>\nmit Zitat Festf\u00fchrer &#8218;rasen\u00e4hnlichem Belag&#8216; sprich gem\u00e4hte Naturwiese sah<br \/>\nzwar zumindest optisch gar nicht so \u00fcbel aus wie bef\u00fcrchtet. Jedoch zeigte sich<br \/>\nbeim Rennen das dieser &#8218;Belag&#8216; doch sehr kr\u00e4fteraubend war. Und wer, wie der<br \/>\nSchreiberling hier, nicht \u00fcber eine ausgezeichnete Kondition verf\u00fcgte, war<br \/>\nausserstande eine ansprechende Zeit zu laufen.<br \/>\nIn Zahlen hiess das: Die L\u00e4ufer Blaser Mike, Jakob Thomas, W\u00fcthrich Thomas und Andr\u00e9<br \/>\nSiegenthaler erk\u00e4mpften sich die 800m im Schnitt in 2min 26s (7.75Punkte)<br \/>\nDie Steinst\u00f6sser, Kaufmann Stefan, Wiedmer Beat, Kobel Simon und Kr\u00e4henb\u00fchl Thomas stiessen<br \/>\nden Stein im Durchschnitt 8.8m weit, was auch gleich den erreichten Punkten entsprach.<br \/>\nSo erreichten wir schliesslich 25.94 Punkte, das sind zwar keine 27.00 wie vom Oberturner<br \/>\ngefordert. Jedoch war an diesem Tag einfach nicht mehr m\u00f6glich, jeder gab sein Bestes, so das sich<br \/>\ndie Entt\u00e4uschung in Grenzen hielt.<br \/>\nAm Ende schaute der 2.Platz in unserer St\u00e4rkeklasse heraus, geschlagen wurden<br \/>\nwir einzig von einer &#8217;sch\u00e4tzbaren&#8216; Truppe. Dies jedoch deutlich.<br \/>\n3. Akt: Nachbesprechung<br \/>\nDie Nachbesprechung des Wettk\u00e4mpfe startete standesgem\u00e4ss mit einem Bier direkt nach den<br \/>\nletzten Wettk\u00e4mpfen. Ein paar wenige \u2013 oder nur einer \u2013 hatten mit den ersten paar Schl\u00fccken<br \/>\ndirekt nach den 800m Lauf doch sehr zu k\u00e4mpfen.<br \/>\nNach dem auch als obligat anzusehenden Gruppenfoto und dem notwendigen Duschen machten wir<br \/>\nuns auf um etwas zu Abend zu essen. Das war einfacher gesagt als getan. Beim Essen fassen<br \/>\nwurden uns aufgrund der vorger\u00fcckten Zeit zwei Dinge zum Verh\u00e4ngnis:<br \/>\n1. Wir begriffen die genaue Organisation der Fassstrasse nicht (und werden es wohl auch nie)<br \/>\n2. Aus den Lautsprechern drang DJ \u00d6tzi was viele Turner animierte auf den Festb\u00e4nken zu<br \/>\ntanzen anstelle uns Platz zu machen um gesittet zu essen<br \/>\nNachdem wir ausserhalb des Festzelts einen Tisch gefunden hatten und zum Essen erst noch das<br \/>\nVergn\u00fcgen hatten die allgemeine Verfassung einzelner Turnfestteilnehmer, welche offenbar schon<br \/>\nl\u00e4ngere Zeit ihren Wettkampf abgeschlossen hatten, zu betrachten, machten wir uns auf in die 24h<br \/>\nBar.<br \/>\nIn der Bar wurde, der alte Grieche w\u00fcrde wohl sagen: \u201ebei Wein, Weib und<br \/>\nGesang\u201c bis fr\u00fch in die Morgenstunden gefeiert, getanzt aber auch diskutiert<br \/>\nz.b. \u00fcber unsere Leistungen aber auch \u00fcber Rundballenpressen und 23j\u00e4hrige<br \/>\nAraberhengste.<br \/>\nEinige bekamen die wohlige W\u00e4rme des Schlafsacks gar nie zu sp\u00fcren und<br \/>\nandere legten von 24:00 bis 03:00 ein &#8218;taktisches Schlafen&#8216; ein&#8230;<br \/>\n4. Akt: Pendelstaffete<br \/>\nAm Sonntag morgen, nach der Morgentoilette, stand Pendelstaffete auf<br \/>\ndem Programm des Oberturners.<br \/>\nUms kurz zu machen: Aufgrund des zu weichen Bodens<br \/>\nwurden die L\u00e4ufe vom Veranstalter abgesagt. Die<br \/>\nEntt\u00e4uschung dar\u00fcber war bei unseren Staffetenl\u00e4ufern<br \/>\nwesentlich kleiner als beim Oberturner. Zumal einige<br \/>\noffenbar in der Nacht noch f\u00fcr Ersatz gesorgt hatten.<br \/>\n5. Akt: R\u00fcckreise<br \/>\nNach einer improvisierten Siegerehrung im kleinen Rahmen<br \/>\nstartete die Reise zur\u00fcck ins Emmental. Nach anf\u00e4nglichen<br \/>\nSchwierigkeiten; es musste zuerst ein Postauto gekapert<br \/>\nwerden um an den Bahnhof von Amriswil zu gelangen, verlief<br \/>\ndie Reise ruhig und ereignislos.<br \/>\nNaja der &#8218;Indische?-Minibar-Mann&#8216; wird sich wohl ein Leben<br \/>\nlang fragen was denn nun: \u201e Die Chatz gestruuhh\u00e4umlet!\u201c<br \/>\nbedeutet.<br \/>\n6. Akt: Ausklang<br \/>\nDer Ausklang des Turnfestes fand im Restaurant Bahnhof bei ein oder zwei Stiefeli und diversen<br \/>\nSpeisen statt.<br \/>\nWir blickten auf ein erfolgreiches, vom Wetter mehr oder weniger verschontes, kleines, feines<br \/>\nTurnfest im Thurgau zur\u00fcck.<br \/>\nAndr\u00e9 Siegenthaler<\/p>\n<p><a href=\"http:\/\/www.tvtrubschachen.ch\/wp-content\/uploads\/2009\/06\/einzel_aktive.pdf\" target=\"_blank\">Rangliste Aktive<\/a><\/p>\n<p><a href=\"http:\/\/www.tvtrubschachen.ch\/wp-content\/uploads\/2009\/06\/einzel_jugend.pdf\" target=\"_blank\">Rangliste Jugend<\/a><\/p>\n<p><a href=\"http:\/\/www.tvtrubschachen.ch\/wp-content\/uploads\/2009\/06\/sektion.pdf\" target=\"_blank\">Rangliste Sektion<\/a><\/p>\n","protected":false},"excerpt":{"rendered":"<p>ein Fest in 6 Akten 1. Akt: Einzel Die Athleten welche den Leichtathletik F\u00fcnfkampf bestritten reisten bereits am Freitag nach Langrickenbach. Es waren dies namentlich: Kobel Simon , Bigler Markus , Thomas Jakob , Bruno Leuenberger und Michael Blaser . <a class=\"more-link\" href=\"https:\/\/www.tvtrubschachen.ch\/?p=875\"><span class=\"screen-reader-text\">  Turnfest Langrickenbach 2009<\/span> weiterlesen<span class=\"meta-nav\">&rarr;<\/span><\/a><\/p>\n","protected":false},"author":2,"featured_media":0,"comment_status":"closed","ping_status":"closed","sticky":false,"template":"","format":"standard","meta":{"ngg_post_thumbnail":0,"footnotes":""},"categories":[3],"tags":[],"class_list":["post-875","post","type-post","status-publish","format-standard","hentry","category-turnverein"],"_links":{"self":[{"href":"https:\/\/www.tvtrubschachen.ch\/index.php?rest_route=\/wp\/v2\/posts\/875","targetHints":{"allow":["GET"]}}],"collection":[{"href":"https:\/\/www.tvtrubschachen.ch\/index.php?rest_route=\/wp\/v2\/posts"}],"about":[{"href":"https:\/\/www.tvtrubschachen.ch\/index.php?rest_route=\/wp\/v2\/types\/post"}],"author":[{"embeddable":true,"href":"https:\/\/www.tvtrubschachen.ch\/index.php?rest_route=\/wp\/v2\/users\/2"}],"replies":[{"embeddable":true,"href":"https:\/\/www.tvtrubschachen.ch\/index.php?rest_route=%2Fwp%2Fv2%2Fcomments&post=875"}],"version-history":[{"count":3,"href":"https:\/\/www.tvtrubschachen.ch\/index.php?rest_route=\/wp\/v2\/posts\/875\/revisions"}],"predecessor-version":[{"id":878,"href":"https:\/\/www.tvtrubschachen.ch\/index.php?rest_route=\/wp\/v2\/posts\/875\/revisions\/878"}],"wp:attachment":[{"href":"https:\/\/www.tvtrubschachen.ch\/index.php?rest_route=%2Fwp%2Fv2%2Fmedia&parent=875"}],"wp:term":[{"taxonomy":"category","embeddable":true,"href":"https:\/\/www.tvtrubschachen.ch\/index.php?rest_route=%2Fwp%2Fv2%2Fcategories&post=875"},{"taxonomy":"post_tag","embeddable":true,"href":"https:\/\/www.tvtrubschachen.ch\/index.php?rest_route=%2Fwp%2Fv2%2Ftags&post=875"}],"curies":[{"name":"wp","href":"https:\/\/api.w.org\/{rel}","templated":true}]}}