{"id":26748,"date":"2023-06-26T06:05:24","date_gmt":"2023-06-26T05:05:24","guid":{"rendered":"https:\/\/www.tvtrubschachen.ch\/?p=26748"},"modified":"2023-06-26T06:05:25","modified_gmt":"2023-06-26T05:05:25","slug":"sektionswettkampf-vtf-wangen","status":"publish","type":"post","link":"https:\/\/www.tvtrubschachen.ch\/?p=26748","title":{"rendered":"Sektionswettkampf VTF Wangen"},"content":{"rendered":"\n<p>Mit der Motivation vom erfolgreichen Einzelwettkampf reisten wir, 22 aktive Athleten und Athletinnen sowie einige Riegenleiter und Supporter, am Samstagvormittag mit dem Zug nach Wangen. Energiegeladen starteten wir in den ersten Wettkampfteil mit der Pendelstafette und dem Kugelstossen. Im Kugelstossen starteten wir solide und mit acht St\u00f6sserInnen in etwa im Rahmen der Erwartungen (Note 8.64). Die Bestweiten erzielten Markus Bigler (13.46m) und Anja R\u00f6thlisberger (8.68m). &nbsp;Gleichzeitig absolvierten unsere zehn Sprinterinnen und Sprinter die Pendelstafette. Erfreulicherweise gelang dies ohne Wechselfehler. Daraus resultierte die Note 8.70. Leider verletzte sich dabei uns bester Mann Nicu mit einer Zerrung und fiel f\u00fcr den Rest des Wettkampfes aus.<\/p>\n\n\n\n<p>Im zweiten Wettkampfteil standen der Weitsprung und Schleuderball auf dem Programm. Die f\u00fcnf, nach dem Ausfall von Nicu, verbliebenen Springerinnen und Springer wussten die sch\u00f6ne und athletenfreundliche Anlage zu ihren Gunsten zu n\u00fctzen (Note 9.33m). Mit 5.00m erzielte Nicole dabei den klaren Bestwert, steigerte ihre PB damit deutlich um 22cm und holte eine klare 10! Auch Jari wusste mit einer PB und 5.89m zu \u00fcberzeugen. Im Schleuderball starteten wir mit 9 Athletinnen und Athleten und fanden auch dort eine sch\u00f6ne Anlage vor. Allerdings hatten dort alle Wettk\u00e4mpfer mit dem starken Wind von der rechten Seite zu k\u00e4mpfen, welcher die B\u00e4lle, vor allem je weiter diese durch die Luft fliegen, etwas \u00abverhungern\u00bb lies. Nur einem war dies, zumindest in einem seiner drei Versuchen, egal. Big holte sich den Umst\u00e4nden zum trotz mit 51.17m die Note 10. Bei den weiblichen Athleten erzielte Marion mit 30.42m die Bestweite.<\/p>\n\n\n\n<p>Im letzten Wettkampfteil standen f\u00fcr uns gleich drei Disziplinen auf dem Programm. Die gr\u00f6sste Gruppe (8 Athleten) begab sich dabei zur Steinstossanlage, welche sich gerade vor unserem Lager befand. Mit 8.26m erzielten Thomas Kr\u00e4henb\u00fchl bei den M\u00e4nnern und mit 6.79m Marion bei den Frauen die Bestweite. Als Team erreichten wir die Note 8.03. Auf die Wurfanlage begaben sich f\u00fcnf Athleten. Dort warfen Markus Bigler (52.69m) und Muriel Wittwer (35.60m) die Bestweiten. Es resultierte die Note 7.74. Die drei verbliebenen HochspringerInnen mussten ihre Spr\u00fcnge auf einem Teerplatz absolvieren. Jari erreichte trotzdem 1.60m. Mit 1.45m holte sich Nicole sogar schon ihr zweites pers\u00f6nliches 10i am heutigen Tag. Die drei holten sich die Note 9.17.<\/p>\n\n\n\n<p>In der Gesamtabrechnung resultierte damit die Note 25.27, was in der 4. von f\u00fcnf St\u00e4rkeklassen zum 15 Rang unter 47 Vereinen reichte.<\/p>\n\n\n\n<p>Bei sch\u00f6nstem Sommerwetter ging es danach weiter mit dem Festteil bevor am Sonntagvormittag noch die Stafette auf dem Programm stand. Trotz gleich zwei Stabfehlern konnten wir die Serie gewinnen und uns f\u00fcr das Finale der Mixedkategorie qualifizieren. In diesem konnten wir die Anzahl Stabfehler zwar halbieren. Einer war f\u00fcr den Sieg aber immer noch einer zu viel und wir mussten uns somit mit Rang drei zufriedengeben.<\/p>\n\n\n\n<p>Damit geh\u00f6rt die Turnfestsaison 2023 der Vergangenheit an. Sehr erfreulich waren die f\u00fcr uns hohe Anzahl aktive sowohl am Einzel- als auch am Sektionswettkampf und das erfolgreiche Abschneiden an den Einzelwettk\u00e4mpfen. Getr\u00fcbt wir diese Freude aus Sicht des Oberturners am viel zu seltenen Trainingsbesuch vieler Athletinnen und Athleten.<\/p>\n\n\n\n<p>Ein grosses Dankesch\u00f6n allen Helfern, Kampfrichtern und Supportern!<\/p>\n\n\n\n<p><a href=\"https:\/\/www.tvtrubschachen.ch\/index.php\/nggallery\/2023\/verbandsturnfest-wangen-2023?page_id=25701\">Fotos 2023 \u2013 TV Trubschachen<\/a><\/p>\n\n\n\n<div data-wp-interactive=\"core\/file\" class=\"wp-block-file\"><object data-wp-bind--hidden=\"!state.hasPdfPreview\" hidden class=\"wp-block-file__embed\" data=\"https:\/\/www.tvtrubschachen.ch\/wp-content\/uploads\/2023\/06\/Rangliste-VWK-Aktive-3-teilig_24.06.2023-21.18.pdf\" type=\"application\/pdf\" style=\"width:100%;height:600px\" aria-label=\"Einbettung von Rangliste-VWK-Aktive-3-teilig_24.06.2023-21.18.\"><\/object><a id=\"wp-block-file--media-18ad8813-5dc9-429e-9553-0e858ccbe76a\" href=\"https:\/\/www.tvtrubschachen.ch\/wp-content\/uploads\/2023\/06\/Rangliste-VWK-Aktive-3-teilig_24.06.2023-21.18.pdf\">Rangliste-VWK-Aktive-3-teilig_24.06.2023-21.18<\/a><a href=\"https:\/\/www.tvtrubschachen.ch\/wp-content\/uploads\/2023\/06\/Rangliste-VWK-Aktive-3-teilig_24.06.2023-21.18.pdf\" class=\"wp-block-file__button wp-element-button\" download aria-describedby=\"wp-block-file--media-18ad8813-5dc9-429e-9553-0e858ccbe76a\">Herunterladen<\/a><\/div>\n","protected":false},"excerpt":{"rendered":"<p>Mit der Motivation vom erfolgreichen Einzelwettkampf reisten wir, 22 aktive Athleten und Athletinnen sowie einige Riegenleiter und Supporter, am Samstagvormittag mit dem Zug nach Wangen. Energiegeladen starteten wir in den ersten Wettkampfteil mit der Pendelstafette und dem Kugelstossen. Im Kugelstossen <a class=\"more-link\" href=\"https:\/\/www.tvtrubschachen.ch\/?p=26748\"><span class=\"screen-reader-text\">  Sektionswettkampf VTF Wangen<\/span> weiterlesen<span class=\"meta-nav\">&rarr;<\/span><\/a><\/p>\n","protected":false},"author":11,"featured_media":0,"comment_status":"closed","ping_status":"closed","sticky":false,"template":"","format":"standard","meta":{"ngg_post_thumbnail":0,"footnotes":""},"categories":[3],"tags":[],"class_list":["post-26748","post","type-post","status-publish","format-standard","hentry","category-turnverein"],"_links":{"self":[{"href":"https:\/\/www.tvtrubschachen.ch\/index.php?rest_route=\/wp\/v2\/posts\/26748","targetHints":{"allow":["GET"]}}],"collection":[{"href":"https:\/\/www.tvtrubschachen.ch\/index.php?rest_route=\/wp\/v2\/posts"}],"about":[{"href":"https:\/\/www.tvtrubschachen.ch\/index.php?rest_route=\/wp\/v2\/types\/post"}],"author":[{"embeddable":true,"href":"https:\/\/www.tvtrubschachen.ch\/index.php?rest_route=\/wp\/v2\/users\/11"}],"replies":[{"embeddable":true,"href":"https:\/\/www.tvtrubschachen.ch\/index.php?rest_route=%2Fwp%2Fv2%2Fcomments&post=26748"}],"version-history":[{"count":1,"href":"https:\/\/www.tvtrubschachen.ch\/index.php?rest_route=\/wp\/v2\/posts\/26748\/revisions"}],"predecessor-version":[{"id":26750,"href":"https:\/\/www.tvtrubschachen.ch\/index.php?rest_route=\/wp\/v2\/posts\/26748\/revisions\/26750"}],"wp:attachment":[{"href":"https:\/\/www.tvtrubschachen.ch\/index.php?rest_route=%2Fwp%2Fv2%2Fmedia&parent=26748"}],"wp:term":[{"taxonomy":"category","embeddable":true,"href":"https:\/\/www.tvtrubschachen.ch\/index.php?rest_route=%2Fwp%2Fv2%2Fcategories&post=26748"},{"taxonomy":"post_tag","embeddable":true,"href":"https:\/\/www.tvtrubschachen.ch\/index.php?rest_route=%2Fwp%2Fv2%2Ftags&post=26748"}],"curies":[{"name":"wp","href":"https:\/\/api.w.org\/{rel}","templated":true}]}}