{"id":26385,"date":"2023-06-24T00:51:37","date_gmt":"2023-06-23T23:51:37","guid":{"rendered":"https:\/\/www.tvtrubschachen.ch\/?p=26385"},"modified":"2023-06-24T00:51:38","modified_gmt":"2023-06-23T23:51:38","slug":"goldiger-einzelwettkampf-in-wangen","status":"publish","type":"post","link":"https:\/\/www.tvtrubschachen.ch\/?p=26385","title":{"rendered":"Goldiger Einzelwettkampf in Wangen"},"content":{"rendered":"\n<p>Gleich mit vier Medaillen, davon nicht weniger als drei goldigen, kamen wir am Freitagabend vom Einzelwettkampf am Verbandsturnfest Wangen 2023 nach Hause! Dazu konnten wir uns zus\u00e4tzlich \u00fcber 5 weitere Auszeichnungen freuen.<\/p>\n\n\n\n<p>Leistungsm\u00e4ssig \u00fcberragt wurde unser Auftritt von Nicola M\u00fcrner welcher den \u00abK\u00f6nigswettkampf\u00bb (Leichtathletik Berner Sechskampf) souver\u00e4n f\u00fcr sich entscheiden konnte. Dies trotz seines Verletzungsmissgeschick aus der Vorbereitung, welches Nicu zumindest im Sprint und Weitsprung leicht behinderte. Im selben Wettkampf holte sich Jari dank guten Leistungen ebenfalls die Auszeichnung, w\u00e4hrend Vale nach seiner Zerrung sein \u00abvorsichtiges\u00bb Comeback gab.<\/p>\n\n\n\n<p>\u00dcber einen Sieg freuen durfte sich auch Simon Kobel, welcher die Kategorie LA Vierkampf M40 f\u00fcr sich entschied. Dies gelang Simu dank seiner Ausgeglichenheit \u00fcber s\u00e4mtliche vier Disziplinen. Ebenfalls einen sch\u00f6nen Erfolg feierte Nicole Chevallaz. Nici durfte zur Belohnung ihrer starken Leistungen (PB \u00fcber 100m, PB egalisiert im Hochsprung) Gold in der Kategorie LA U20 W Vierkampf in Empfang nehmen. Eine weitere Medaille holte Vanessa Bigler, welche sich Bronze in der Kategorie LA Dreikampf W40 sicherte. Sowohl im Sprint als auch im Hochsprung zeigte sich Vanessa gegen\u00fcber dem Einzel in Wohlen klar verbessert.<\/p>\n\n\n\n<p>Die Auszeichnung holen konnten sich ebenfalls Sven Fankhauser (PB im Weitsprung) und Lenny Haldemann in der Kategorie LA U18 M F\u00fcnfkampf. Diese verpasste Felix Rentsch, leicht angeschlagen, in derselben Kategorie um zwei R\u00e4nge. Im Turnerwettkampf holte sich Beat Wiedmer, welcher das Podest als vierter nur knapp verpasste, und der Schreiberling, welcher sich gegen\u00fcber Wohlen steigern konnte, die Auszeichnung. Der \u00abTop-Favorit\u00bb im Turnerwettkampf M 45+ und Sieger aus Wohlen, Markus Bigler, musste verletzungsbeding die dritte Disziplin (800m) auslassen. Mit der 2x geholten Maximalnote liess er sein Potenzial dennoch aufblitzen. Erfreulich war ebenfalls, dass Stephan Imhof trotz Achillessehnenbeschwerden seinen Einstand feierte.<\/p>\n\n\n\n<p>Ein grosses Dankesch\u00f6n geh\u00f6rt unseren Kampfrichtern (M\u00e4x, Sigi, Tom) sowie Tanja und Vanessa als auch den Organisatoren f\u00fcr die gute Herrichtung der Anlagen.<\/p>\n\n\n\n<p>Wir freuen uns nun heute Samstag an gleicher St\u00e4tte bei sommerlichen Bedingungen den Sektionswettkampf zu bestreiten.<\/p>\n\n\n\n<div data-wp-interactive=\"core\/file\" class=\"wp-block-file\"><object data-wp-bind--hidden=\"!state.hasPdfPreview\" hidden class=\"wp-block-file__embed\" data=\"https:\/\/www.tvtrubschachen.ch\/wp-content\/uploads\/2023\/06\/EWK-LA_23.06.2023-20.51.pdf\" type=\"application\/pdf\" style=\"width:100%;height:600px\" aria-label=\"Einbettung von EWK-LA_23.06.2023-20.51.\"><\/object><a id=\"wp-block-file--media-1f569acb-d044-42d5-a0e8-f8a20a40cf86\" href=\"https:\/\/www.tvtrubschachen.ch\/wp-content\/uploads\/2023\/06\/EWK-LA_23.06.2023-20.51.pdf\">EWK-LA_23.06.2023-20.51<\/a><a href=\"https:\/\/www.tvtrubschachen.ch\/wp-content\/uploads\/2023\/06\/EWK-LA_23.06.2023-20.51.pdf\" class=\"wp-block-file__button wp-element-button\" download aria-describedby=\"wp-block-file--media-1f569acb-d044-42d5-a0e8-f8a20a40cf86\">Herunterladen<\/a><\/div>\n\n\n\n<div data-wp-interactive=\"core\/file\" class=\"wp-block-file\"><object data-wp-bind--hidden=\"!state.hasPdfPreview\" hidden class=\"wp-block-file__embed\" data=\"https:\/\/www.tvtrubschachen.ch\/wp-content\/uploads\/2023\/06\/EWK-Turnwettkampf_23.06.2023-20.50.pdf\" type=\"application\/pdf\" style=\"width:100%;height:600px\" aria-label=\"Einbettung von EWK-Turnwettkampf_23.06.2023-20.50.\"><\/object><a id=\"wp-block-file--media-324d32e8-987a-4798-b002-d35a70066b00\" href=\"https:\/\/www.tvtrubschachen.ch\/wp-content\/uploads\/2023\/06\/EWK-Turnwettkampf_23.06.2023-20.50.pdf\">EWK-Turnwettkampf_23.06.2023-20.50<\/a><a href=\"https:\/\/www.tvtrubschachen.ch\/wp-content\/uploads\/2023\/06\/EWK-Turnwettkampf_23.06.2023-20.50.pdf\" class=\"wp-block-file__button wp-element-button\" download aria-describedby=\"wp-block-file--media-324d32e8-987a-4798-b002-d35a70066b00\">Herunterladen<\/a><\/div>\n","protected":false},"excerpt":{"rendered":"<p>Gleich mit vier Medaillen, davon nicht weniger als drei goldigen, kamen wir am Freitagabend vom Einzelwettkampf am Verbandsturnfest Wangen 2023 nach Hause! Dazu konnten wir uns zus\u00e4tzlich \u00fcber 5 weitere Auszeichnungen freuen. Leistungsm\u00e4ssig \u00fcberragt wurde unser Auftritt von Nicola M\u00fcrner <a class=\"more-link\" href=\"https:\/\/www.tvtrubschachen.ch\/?p=26385\"><span class=\"screen-reader-text\">  Goldiger Einzelwettkampf in Wangen<\/span> weiterlesen<span class=\"meta-nav\">&rarr;<\/span><\/a><\/p>\n","protected":false},"author":11,"featured_media":0,"comment_status":"closed","ping_status":"closed","sticky":false,"template":"","format":"standard","meta":{"ngg_post_thumbnail":0,"footnotes":""},"categories":[4,3],"tags":[],"class_list":["post-26385","post","type-post","status-publish","format-standard","hentry","category-jugendriege","category-turnverein"],"_links":{"self":[{"href":"https:\/\/www.tvtrubschachen.ch\/index.php?rest_route=\/wp\/v2\/posts\/26385","targetHints":{"allow":["GET"]}}],"collection":[{"href":"https:\/\/www.tvtrubschachen.ch\/index.php?rest_route=\/wp\/v2\/posts"}],"about":[{"href":"https:\/\/www.tvtrubschachen.ch\/index.php?rest_route=\/wp\/v2\/types\/post"}],"author":[{"embeddable":true,"href":"https:\/\/www.tvtrubschachen.ch\/index.php?rest_route=\/wp\/v2\/users\/11"}],"replies":[{"embeddable":true,"href":"https:\/\/www.tvtrubschachen.ch\/index.php?rest_route=%2Fwp%2Fv2%2Fcomments&post=26385"}],"version-history":[{"count":1,"href":"https:\/\/www.tvtrubschachen.ch\/index.php?rest_route=\/wp\/v2\/posts\/26385\/revisions"}],"predecessor-version":[{"id":26388,"href":"https:\/\/www.tvtrubschachen.ch\/index.php?rest_route=\/wp\/v2\/posts\/26385\/revisions\/26388"}],"wp:attachment":[{"href":"https:\/\/www.tvtrubschachen.ch\/index.php?rest_route=%2Fwp%2Fv2%2Fmedia&parent=26385"}],"wp:term":[{"taxonomy":"category","embeddable":true,"href":"https:\/\/www.tvtrubschachen.ch\/index.php?rest_route=%2Fwp%2Fv2%2Fcategories&post=26385"},{"taxonomy":"post_tag","embeddable":true,"href":"https:\/\/www.tvtrubschachen.ch\/index.php?rest_route=%2Fwp%2Fv2%2Ftags&post=26385"}],"curies":[{"name":"wp","href":"https:\/\/api.w.org\/{rel}","templated":true}]}}