{"id":26201,"date":"2023-06-10T16:49:30","date_gmt":"2023-06-10T15:49:30","guid":{"rendered":"https:\/\/www.tvtrubschachen.ch\/?p=26201"},"modified":"2023-06-10T17:02:02","modified_gmt":"2023-06-10T16:02:02","slug":"mtf-wohlen-gold-fuer-big","status":"publish","type":"post","link":"https:\/\/www.tvtrubschachen.ch\/?p=26201","title":{"rendered":"MTF Wohlen \u2013 Gold f\u00fcr \u00abBig\u00bb"},"content":{"rendered":"\n<p>Gestern Freitag startete f\u00fcr die ersten von uns die Turnfestsaison. W\u00e4hrend Vanessa Bigler den LA-3-Kampf absolvierte machten sich Simon Kobel, Markus Bigler und Thomas Jakob im Turnerwettkampf auf Punktejagd.<\/p>\n\n\n\n<p>Auf dem mit viel Herzblut hergerichteten Wettkampfgel\u00e4nde in der \u00abAbgeschiedenheit\u00bb in der N\u00e4he von S\u00e4riswil erwischte Vanessa im 80m nach einem Fehlstart einen suboptimalen Start. Das Kugelstossen wollte Vanessa ebenfalls nicht ganz wie erhofft gelingen. Daf\u00fcr konnte sich Vanessa im Hochsprung rehabilitieren und sich ein gutes Gef\u00fchl f\u00fcr in 2 Wochen in Wangen holen. Am Ende resultierte der 4. Rang in der Gesamtabrechnung.<\/p>\n\n\n\n<p>Im Turnerwettkampf versuchten Simu und Big aufgrund der athletenfreundlichen Anlage im Weitsprung noch den Long Jump ins Programm aufzunehmen. Dies war vom Reglement her jedoch nicht mehr m\u00f6glich. Simu startete trotz \u00abhartem\u00bb Gegenwind mit einem super 80m-Lauf auf der Wiese. Der folgende Basketballtest gelang ihm nicht ganz zufriedenstellend. Im abschliessend Steinstossen 10kg konnte Simu dann wieder an die ungef\u00e4hr erwartete Weite heranstossen und einen starken Wettkampf erfolgreich abschliessen. Bei der Publizierung der Rangliste wurde uns jedoch erneut bewusst, dass das Reglement des Turnerwettkampfes nicht immer einfach verst\u00e4ndlich ist und wir dieses nicht korrekt interpretiert hatten, wodurch seine Note tiefer als erwartet ausfiel.<\/p>\n\n\n\n<p>\u00dcberstrahlt wurden diese Leistungen durch Big, welcher sich gleich zweimal die Maximalnote 10 (Basketballtest + Kugelstossen) sichern konnte. In seiner dritten Disziplin, dem 800m-Lauf, welcher ebenfalls auf der Wiese inkl. kleinem Bergpreis stattfand, verpasste er s \u00ab10i\u00bb nur knapp. Mit diesen starken Resultaten holte er sich \u00fcberlegen den Gesamtsieg in der Kategorie Turner 35+ (Schumi Rang 18 \/ Simu Rang 21) und konnte sich entsprechend feiern lassen sowie an der Rangverk\u00fcndigung die Goldmedaille in Empfang nehmen.<\/p>\n\n\n\n<p>Der Schreiberling lieferte einen entt\u00e4uschenden Wettkampf ab. Nach schwachem Auftakt im Kugelstossen, einem sehr entt\u00e4uschenden Basketballtest und m\u00e4ssigem Unihockeyauftritt \u00fcberwog die Unzufriedenheit.<\/p>\n\n\n\n<p>Egal ob freudig, entt\u00e4uscht, m\u00fcde oder spritzig st\u00fcrzten wir uns motiviert in den 2. Teil, wo alle \u00fcberzeugende Leistungen ablieferten. ;-)<\/p>\n\n\n\n<p>Bereits in zwei Wochen steht nun mit dem Verbandsturnfest der Saisonh\u00f6hepunkt an. Vorfreudig wollen wir die zwei verbleibenden Wochen ausn\u00fctzen um auf den Punkt bereit zu sein.<\/p>\n\n\n\n<p>Vielen Dank an unsere Kampfrichterin Tanja, welche uns die Teilnahme mit ihrem Einsatz erst erm\u00f6glichte! Herzlichen Dank ebenfalls an Anita f\u00fcr den Support.<\/p>\n\n\n\n<p><a href=\"https:\/\/www.tvtrubschachen.ch\/index.php\/nggallery\/2023\/mtf-wohlen?page_id=25701\">Fotos 2023 \u2013 TV Trubschachen<\/a><\/p>\n\n\n\n<div data-wp-interactive=\"core\/file\" class=\"wp-block-file\"><object data-wp-bind--hidden=\"!state.hasPdfPreview\" hidden class=\"wp-block-file__embed\" data=\"https:\/\/www.tvtrubschachen.ch\/wp-content\/uploads\/2023\/06\/Rangliste_Turnerwettkampf_MTF_Wohlen.pdf\" type=\"application\/pdf\" style=\"width:100%;height:600px\" aria-label=\"Einbettung von Rangliste_Turnerwettkampf_MTF_Wohlen.\"><\/object><a id=\"wp-block-file--media-3b4c3a2d-583e-4774-8a4a-53f73fccf3ff\" href=\"https:\/\/www.tvtrubschachen.ch\/wp-content\/uploads\/2023\/06\/Rangliste_Turnerwettkampf_MTF_Wohlen.pdf\">Rangliste_Turnerwettkampf_MTF_Wohlen<\/a><a href=\"https:\/\/www.tvtrubschachen.ch\/wp-content\/uploads\/2023\/06\/Rangliste_Turnerwettkampf_MTF_Wohlen.pdf\" class=\"wp-block-file__button wp-element-button\" download aria-describedby=\"wp-block-file--media-3b4c3a2d-583e-4774-8a4a-53f73fccf3ff\">Herunterladen<\/a><\/div>\n\n\n\n<div data-wp-interactive=\"core\/file\" class=\"wp-block-file\"><object data-wp-bind--hidden=\"!state.hasPdfPreview\" hidden class=\"wp-block-file__embed\" data=\"https:\/\/www.tvtrubschachen.ch\/wp-content\/uploads\/2023\/06\/Rangliste_LA_MTF_Wohlen.pdf\" type=\"application\/pdf\" style=\"width:100%;height:600px\" aria-label=\"Einbettung von Rangliste_LA_MTF_Wohlen.\"><\/object><a id=\"wp-block-file--media-ad9a6ee1-2e74-47f9-8a16-9151419cb001\" href=\"https:\/\/www.tvtrubschachen.ch\/wp-content\/uploads\/2023\/06\/Rangliste_LA_MTF_Wohlen.pdf\">Rangliste_LA_MTF_Wohlen<\/a><a href=\"https:\/\/www.tvtrubschachen.ch\/wp-content\/uploads\/2023\/06\/Rangliste_LA_MTF_Wohlen.pdf\" class=\"wp-block-file__button wp-element-button\" download aria-describedby=\"wp-block-file--media-ad9a6ee1-2e74-47f9-8a16-9151419cb001\">Herunterladen<\/a><\/div>\n","protected":false},"excerpt":{"rendered":"<p>Gestern Freitag startete f\u00fcr die ersten von uns die Turnfestsaison. W\u00e4hrend Vanessa Bigler den LA-3-Kampf absolvierte machten sich Simon Kobel, Markus Bigler und Thomas Jakob im Turnerwettkampf auf Punktejagd. Auf dem mit viel Herzblut hergerichteten Wettkampfgel\u00e4nde in der \u00abAbgeschiedenheit\u00bb in <a class=\"more-link\" href=\"https:\/\/www.tvtrubschachen.ch\/?p=26201\"><span class=\"screen-reader-text\">  MTF Wohlen \u2013 Gold f\u00fcr \u00abBig\u00bb<\/span> weiterlesen<span class=\"meta-nav\">&rarr;<\/span><\/a><\/p>\n","protected":false},"author":11,"featured_media":0,"comment_status":"closed","ping_status":"closed","sticky":false,"template":"","format":"standard","meta":{"ngg_post_thumbnail":0,"footnotes":""},"categories":[3],"tags":[],"class_list":["post-26201","post","type-post","status-publish","format-standard","hentry","category-turnverein"],"_links":{"self":[{"href":"https:\/\/www.tvtrubschachen.ch\/index.php?rest_route=\/wp\/v2\/posts\/26201","targetHints":{"allow":["GET"]}}],"collection":[{"href":"https:\/\/www.tvtrubschachen.ch\/index.php?rest_route=\/wp\/v2\/posts"}],"about":[{"href":"https:\/\/www.tvtrubschachen.ch\/index.php?rest_route=\/wp\/v2\/types\/post"}],"author":[{"embeddable":true,"href":"https:\/\/www.tvtrubschachen.ch\/index.php?rest_route=\/wp\/v2\/users\/11"}],"replies":[{"embeddable":true,"href":"https:\/\/www.tvtrubschachen.ch\/index.php?rest_route=%2Fwp%2Fv2%2Fcomments&post=26201"}],"version-history":[{"count":3,"href":"https:\/\/www.tvtrubschachen.ch\/index.php?rest_route=\/wp\/v2\/posts\/26201\/revisions"}],"predecessor-version":[{"id":26224,"href":"https:\/\/www.tvtrubschachen.ch\/index.php?rest_route=\/wp\/v2\/posts\/26201\/revisions\/26224"}],"wp:attachment":[{"href":"https:\/\/www.tvtrubschachen.ch\/index.php?rest_route=%2Fwp%2Fv2%2Fmedia&parent=26201"}],"wp:term":[{"taxonomy":"category","embeddable":true,"href":"https:\/\/www.tvtrubschachen.ch\/index.php?rest_route=%2Fwp%2Fv2%2Fcategories&post=26201"},{"taxonomy":"post_tag","embeddable":true,"href":"https:\/\/www.tvtrubschachen.ch\/index.php?rest_route=%2Fwp%2Fv2%2Ftags&post=26201"}],"curies":[{"name":"wp","href":"https:\/\/api.w.org\/{rel}","templated":true}]}}