{"id":26071,"date":"2023-05-07T18:42:21","date_gmt":"2023-05-07T17:42:21","guid":{"rendered":"https:\/\/www.tvtrubschachen.ch\/?p=26071"},"modified":"2023-05-07T18:42:22","modified_gmt":"2023-05-07T17:42:22","slug":"4-punkte-zum-auftakt","status":"publish","type":"post","link":"https:\/\/www.tvtrubschachen.ch\/?p=26071","title":{"rendered":"4 Punkte zum Auftakt"},"content":{"rendered":"\n<p>Am Dienstag, 2. Mai starteten wir in die Korbball Sommermeisterschaft. Da neu auch der Turnverband Bern Seeland mitmacht, durften wir f\u00fcr die erste Runde nach M\u00fcntschemier reisen. Der Gegner zum Saisonstart hiess TV Schwarzenburg. In einer engen und taktischen, aber korbarmen Partie konnten wir uns mit 2:1 durchsetzen. Da gleich anschliessend unser 2. Match wartete, mussten wir unsere Kr\u00e4fte etwas einteilen, da wir mit einer sehr erfahrenen Mannschaft und ohne Auswechselspieler antraten.<\/p>\n\n\n\n<p>Als n\u00e4chster Widersacher wartete der TV Melchnau. Trotz zwischenzeitlichem R\u00fcckstand konnten wir uns schlussendlich mit 5:4 durchsetzen. Somit reisten mit dem Punktemaximum vom Seeland zur\u00fcck ins Emmental.<\/p>\n\n\n\n<p>Skorer:<\/p>\n\n\n\n<p>Big 2, El\u00e4 2, Egli 1, Hoschi 1, Schumi 1<\/p>\n","protected":false},"excerpt":{"rendered":"<p>Am Dienstag, 2. Mai starteten wir in die Korbball Sommermeisterschaft. Da neu auch der Turnverband Bern Seeland mitmacht, durften wir f\u00fcr die erste Runde nach M\u00fcntschemier reisen. Der Gegner zum Saisonstart hiess TV Schwarzenburg. In einer engen und taktischen, aber <a class=\"more-link\" href=\"https:\/\/www.tvtrubschachen.ch\/?p=26071\"><span class=\"screen-reader-text\">  4 Punkte zum Auftakt<\/span> weiterlesen<span class=\"meta-nav\">&rarr;<\/span><\/a><\/p>\n","protected":false},"author":11,"featured_media":0,"comment_status":"closed","ping_status":"closed","sticky":false,"template":"","format":"standard","meta":{"ngg_post_thumbnail":0,"footnotes":""},"categories":[3],"tags":[],"class_list":["post-26071","post","type-post","status-publish","format-standard","hentry","category-turnverein"],"_links":{"self":[{"href":"https:\/\/www.tvtrubschachen.ch\/index.php?rest_route=\/wp\/v2\/posts\/26071","targetHints":{"allow":["GET"]}}],"collection":[{"href":"https:\/\/www.tvtrubschachen.ch\/index.php?rest_route=\/wp\/v2\/posts"}],"about":[{"href":"https:\/\/www.tvtrubschachen.ch\/index.php?rest_route=\/wp\/v2\/types\/post"}],"author":[{"embeddable":true,"href":"https:\/\/www.tvtrubschachen.ch\/index.php?rest_route=\/wp\/v2\/users\/11"}],"replies":[{"embeddable":true,"href":"https:\/\/www.tvtrubschachen.ch\/index.php?rest_route=%2Fwp%2Fv2%2Fcomments&post=26071"}],"version-history":[{"count":1,"href":"https:\/\/www.tvtrubschachen.ch\/index.php?rest_route=\/wp\/v2\/posts\/26071\/revisions"}],"predecessor-version":[{"id":26072,"href":"https:\/\/www.tvtrubschachen.ch\/index.php?rest_route=\/wp\/v2\/posts\/26071\/revisions\/26072"}],"wp:attachment":[{"href":"https:\/\/www.tvtrubschachen.ch\/index.php?rest_route=%2Fwp%2Fv2%2Fmedia&parent=26071"}],"wp:term":[{"taxonomy":"category","embeddable":true,"href":"https:\/\/www.tvtrubschachen.ch\/index.php?rest_route=%2Fwp%2Fv2%2Fcategories&post=26071"},{"taxonomy":"post_tag","embeddable":true,"href":"https:\/\/www.tvtrubschachen.ch\/index.php?rest_route=%2Fwp%2Fv2%2Ftags&post=26071"}],"curies":[{"name":"wp","href":"https:\/\/api.w.org\/{rel}","templated":true}]}}