{"id":25275,"date":"2022-06-20T20:11:57","date_gmt":"2022-06-20T19:11:57","guid":{"rendered":"https:\/\/www.tvtrubschachen.ch\/?p=25275"},"modified":"2022-06-20T22:05:58","modified_gmt":"2022-06-20T21:05:58","slug":"baerner-kantonalturnfescht-2022-lyss-sektion","status":"publish","type":"post","link":"https:\/\/www.tvtrubschachen.ch\/?p=25275","title":{"rendered":"B\u00e4rner Kantonalturnfescht 2022 Lyss \u2013 Sektion"},"content":{"rendered":"\n<p>Es war am Morgen fr\u00fch, beinahe noch Nacht, als sich am Samstag, 18. Juni 16 \u00abverwegene\u00bb Sch\u00e4cheler, um 04:45 Uhr im B\u00e4ren trafen, um sich f\u00fcr die bevorstehenden Aufgaben zu st\u00e4rken. Denn heute fuhren wir nach Lyss ans KTF um uns in der 4. von 5 St\u00e4rkeklassen zu messen! Der Grund des fr\u00fchen Morgenessens war der Startzeit geschuldet, welche auf 08:30 Uhr angesetzt war.<\/p>\n\n\n\n<p>Mit zwei Bussen fuhren wir ins Seeland. Dort stiessen noch ein paar weitere Mitglieder dazu, wurden die n\u00f6tigen Mutationen gemeldet und danach hiess es f\u00fcr das junge Team auch bereits einlaufen f\u00fcr die ersten Disziplinen Kugelstossen und Pendelstafette. Im Kugelstossen gelang uns ein solider Wettkampfauftakt. Mit der Note von 8.51 Punkten blieben wir nur knapp unter dem Zielwert von 8.60. In der Pendelstafette hatten wir einen Wechselfehler zu verzeichnen. Somit war die angestrebte \u00ab9\u00bb nicht realisierbar und wir erreichten 8.56 Punkte.<\/p>\n\n\n\n<p>Im 2. Wettkampfteil massen wir uns im Schleuderball sowie im Weitsprung. Beim \u00abSchleudere\u00bb zeigten die Sch\u00e4cheler eine gute und ausgeglichene Teamleistung und Big konnte sogar eine Zehn erzielen. Im Weitsprung konnten mit Lenny und Felix zwei Nachwuchsathleten eine neue PB aufstellen und auch die anderen sechs Athleten\/innen erzielten gute Leistungen. Die h\u00f6chsten Noten erzielten Nicu (9.46) und Nici (9.45).<\/p>\n\n\n\n<p>Im letzten Wettkampfteil warteten die Disziplinen Hochsprung und Weitwurf auf die Athleten. Dabei konnten wir mit 9.10 im Hochsprung unsere beste Teilnote erzielen. Besonders erfreulich dabei die beiden \u00ab10i\u00bb von Nici und Nicu. Auch Jari wusste zu \u00fcberzeugen und stellte mit 1.70m eine neue PB auf. Sven konnte seine ebenfalls egalisieren. Im Gegensatz dazu zogen wir im Weitwurf mit 7.90 unsere mit Abstand schlechteste Note ein. Dies war mitunter zahlreichen Abwesenheiten geschuldet.<\/p>\n\n\n\n<p>Somit konnten wir uns am Ende des Tages \u00fcber 25.87 Punkte und Rang 19 in der 4. St\u00e4rkeklasse freuen. Dies ist zwar deutlich weniger als in fr\u00fcheren Jahren aber aufgrund des jungen Teams, welches am Start stand, dennoch sehr erfreulich und l\u00e4sst f\u00fcr die Zukunft hoffen.<\/p>\n\n\n\n<p>Da am Wochenende ausserordentlich hohe Temperaturen herrschten, waren wir nicht ungl\u00fccklich konnten wir unseren Wettkampf durch die fr\u00fche Startzeit bereits um 11:00 Uhr abschliessen. So machten wir uns am Nachmittag auf an den Bielersee zum Br\u00e4teln, Baden, \u00abBeachen\u00bb und gem\u00fctlichen beisammen sein. Dabei schlossen sich uns auch die B\u00e4rauer an, welche ihren Wettkampf bereits am Freitag absolviert hatten und dabei in der 5. St\u00e4rkeklasse den ausgezeichneten 2. Rang erreichten. Am Abend machten wir uns dann wieder auf ins Festgel\u00e4nde um dort weiter zu feiern.<\/p>\n\n\n\n<p>Am Sonntagmittag stand bei erneut grosser Hitze die Mixedstafette f\u00fcr uns auf dem Programm. Dabei liefen unsere 5 Frauen und M\u00e4nner in den neuen, alten St\u00e4rndidress als echter Hingucker, als Seriensieger souver\u00e4n in den Final. Dort zeigte unser blutjunges Team von durchschnittlich 19.16 Jahren bei den Aktiven wiederum eine ausgezeichnete Leistung. Leider entglitt uns kurz einmal der Stab und wir liefen in einem Fotofinish um die R\u00e4nge 3 und 4 ins Ziel.<\/p>\n\n\n\n<p>Die Organisatoren des BKT haben zwar vom ersten auf das zweite Wochenende Fortschritte erzielt. Doch auch 32h nach Zieleinlauf haben sie es immer noch nicht geschafft eine Rangliste von der Stafette hochzuladen\u2026 weshalb die Rangierung aktuell noch nicht bekannt ist. Unabh\u00e4ngig vom definitiven Ergebnis geb\u00fchrt dem Team jedoch ein grosses Lob, haben sie das neue St\u00e4rndlidress gut in Szene gesetzt.<\/p>\n\n\n\n<p>Nach der Zugfahrt zur\u00fcck ins Emmental liessen wir das Wochenende traditionell im B\u00e4ren ausklingen. Gratulation den Athleten\/Athletinnen zu den vielen guten Leistungen und vielen Dank allen Supporter, Helfer, Kampfrichter, Sponsoren, Fahrer, etc.<\/p>\n\n\n\n<p>Fotos: <a href=\"https:\/\/www.tvtrubschachen.ch\/index.php\/nggallery\/2022\/baerner-kantonalturnfescht-lyss-sektion?page_id=24703\">Fotos 2022 \u2013 TV Trubschachen<\/a><\/p>\n\n\n\n<div data-wp-interactive=\"core\/file\" class=\"wp-block-file\"><object data-wp-bind--hidden=\"!state.hasPdfPreview\" hidden class=\"wp-block-file__embed\" data=\"https:\/\/www.tvtrubschachen.ch\/wp-content\/uploads\/2022\/06\/Vereinswettkampf-AFMS_19.06.2022-09.17.pdf\" type=\"application\/pdf\" style=\"width:100%;height:600px\" aria-label=\"Einbettung von Einbettung von Vereinswettkampf-AFMS_19.06.2022-09.17..\"><\/object><a id=\"wp-block-file--media-baa41cea-ebea-4867-9410-8a9216af37a1\" href=\"https:\/\/www.tvtrubschachen.ch\/wp-content\/uploads\/2022\/06\/Vereinswettkampf-AFMS_19.06.2022-09.17.pdf\">Vereinswettkampf-AFMS_19.06.2022-09.17<\/a><a href=\"https:\/\/www.tvtrubschachen.ch\/wp-content\/uploads\/2022\/06\/Vereinswettkampf-AFMS_19.06.2022-09.17.pdf\" class=\"wp-block-file__button\" download aria-describedby=\"wp-block-file--media-baa41cea-ebea-4867-9410-8a9216af37a1\">Herunterladen<\/a><\/div>\n","protected":false},"excerpt":{"rendered":"<p>Es war am Morgen fr\u00fch, beinahe noch Nacht, als sich am Samstag, 18. Juni 16 \u00abverwegene\u00bb Sch\u00e4cheler, um 04:45 Uhr im B\u00e4ren trafen, um sich f\u00fcr die bevorstehenden Aufgaben zu st\u00e4rken. Denn heute fuhren wir nach Lyss ans KTF um <a class=\"more-link\" href=\"https:\/\/www.tvtrubschachen.ch\/?p=25275\"><span class=\"screen-reader-text\">  B\u00e4rner Kantonalturnfescht 2022 Lyss \u2013 Sektion<\/span> weiterlesen<span class=\"meta-nav\">&rarr;<\/span><\/a><\/p>\n","protected":false},"author":11,"featured_media":0,"comment_status":"closed","ping_status":"closed","sticky":false,"template":"","format":"standard","meta":{"ngg_post_thumbnail":0,"footnotes":""},"categories":[4,3],"tags":[],"class_list":["post-25275","post","type-post","status-publish","format-standard","hentry","category-jugendriege","category-turnverein"],"_links":{"self":[{"href":"https:\/\/www.tvtrubschachen.ch\/index.php?rest_route=\/wp\/v2\/posts\/25275","targetHints":{"allow":["GET"]}}],"collection":[{"href":"https:\/\/www.tvtrubschachen.ch\/index.php?rest_route=\/wp\/v2\/posts"}],"about":[{"href":"https:\/\/www.tvtrubschachen.ch\/index.php?rest_route=\/wp\/v2\/types\/post"}],"author":[{"embeddable":true,"href":"https:\/\/www.tvtrubschachen.ch\/index.php?rest_route=\/wp\/v2\/users\/11"}],"replies":[{"embeddable":true,"href":"https:\/\/www.tvtrubschachen.ch\/index.php?rest_route=%2Fwp%2Fv2%2Fcomments&post=25275"}],"version-history":[{"count":2,"href":"https:\/\/www.tvtrubschachen.ch\/index.php?rest_route=\/wp\/v2\/posts\/25275\/revisions"}],"predecessor-version":[{"id":25337,"href":"https:\/\/www.tvtrubschachen.ch\/index.php?rest_route=\/wp\/v2\/posts\/25275\/revisions\/25337"}],"wp:attachment":[{"href":"https:\/\/www.tvtrubschachen.ch\/index.php?rest_route=%2Fwp%2Fv2%2Fmedia&parent=25275"}],"wp:term":[{"taxonomy":"category","embeddable":true,"href":"https:\/\/www.tvtrubschachen.ch\/index.php?rest_route=%2Fwp%2Fv2%2Fcategories&post=25275"},{"taxonomy":"post_tag","embeddable":true,"href":"https:\/\/www.tvtrubschachen.ch\/index.php?rest_route=%2Fwp%2Fv2%2Ftags&post=25275"}],"curies":[{"name":"wp","href":"https:\/\/api.w.org\/{rel}","templated":true}]}}