{"id":24860,"date":"2022-04-24T20:41:07","date_gmt":"2022-04-24T19:41:07","guid":{"rendered":"https:\/\/www.tvtrubschachen.ch\/?p=24860"},"modified":"2022-04-24T20:41:08","modified_gmt":"2022-04-24T19:41:08","slug":"trainingsweekend-willisau","status":"publish","type":"post","link":"https:\/\/www.tvtrubschachen.ch\/?p=24860","title":{"rendered":"Trainingsweekend Willisau"},"content":{"rendered":"\n<p>Nach zwei Jahren Pause konnten wir dieses Wochenende f\u00fcr das Trainingsweekend nach Willisau zur\u00fcckkehren. Bei angenehmen \u00e4usseren Bedingungen trainierten wir am Samstag in drei Gruppen von jung bis alt verschiedene Leichtathletik Disziplinen. Am Sonntag feilten die LA2 und Aktivriege weiter an der Technik und den Bewegungsabl\u00e4ufen. Dabei war es zwar deutlich k\u00fchler und windiger. Doch hatten wir insofern Gl\u00fcck, dass es mehrheitlich trocken blieb.<\/p>\n\n\n\n<p>Vielen Dank den Leitern und Fahrern welche das Weekend erm\u00f6glichten.<\/p>\n\n\n\n<p>Impressionen: <a href=\"https:\/\/www.tvtrubschachen.ch\/index.php\/nggallery\/2022\/trainingsweekend-willisau-2017?page_id=24703\">Fotos 2022 \u2013 TV Trubschachen<\/a><\/p>\n","protected":false},"excerpt":{"rendered":"<p>Nach zwei Jahren Pause konnten wir dieses Wochenende f\u00fcr das Trainingsweekend nach Willisau zur\u00fcckkehren. Bei angenehmen \u00e4usseren Bedingungen trainierten wir am Samstag in drei Gruppen von jung bis alt verschiedene Leichtathletik Disziplinen. Am Sonntag feilten die LA2 und Aktivriege weiter <a class=\"more-link\" href=\"https:\/\/www.tvtrubschachen.ch\/?p=24860\"><span class=\"screen-reader-text\">  Trainingsweekend Willisau<\/span> weiterlesen<span class=\"meta-nav\">&rarr;<\/span><\/a><\/p>\n","protected":false},"author":11,"featured_media":0,"comment_status":"closed","ping_status":"closed","sticky":false,"template":"","format":"standard","meta":{"ngg_post_thumbnail":0,"footnotes":""},"categories":[4,3],"tags":[],"class_list":["post-24860","post","type-post","status-publish","format-standard","hentry","category-jugendriege","category-turnverein"],"_links":{"self":[{"href":"https:\/\/www.tvtrubschachen.ch\/index.php?rest_route=\/wp\/v2\/posts\/24860","targetHints":{"allow":["GET"]}}],"collection":[{"href":"https:\/\/www.tvtrubschachen.ch\/index.php?rest_route=\/wp\/v2\/posts"}],"about":[{"href":"https:\/\/www.tvtrubschachen.ch\/index.php?rest_route=\/wp\/v2\/types\/post"}],"author":[{"embeddable":true,"href":"https:\/\/www.tvtrubschachen.ch\/index.php?rest_route=\/wp\/v2\/users\/11"}],"replies":[{"embeddable":true,"href":"https:\/\/www.tvtrubschachen.ch\/index.php?rest_route=%2Fwp%2Fv2%2Fcomments&post=24860"}],"version-history":[{"count":1,"href":"https:\/\/www.tvtrubschachen.ch\/index.php?rest_route=\/wp\/v2\/posts\/24860\/revisions"}],"predecessor-version":[{"id":24861,"href":"https:\/\/www.tvtrubschachen.ch\/index.php?rest_route=\/wp\/v2\/posts\/24860\/revisions\/24861"}],"wp:attachment":[{"href":"https:\/\/www.tvtrubschachen.ch\/index.php?rest_route=%2Fwp%2Fv2%2Fmedia&parent=24860"}],"wp:term":[{"taxonomy":"category","embeddable":true,"href":"https:\/\/www.tvtrubschachen.ch\/index.php?rest_route=%2Fwp%2Fv2%2Fcategories&post=24860"},{"taxonomy":"post_tag","embeddable":true,"href":"https:\/\/www.tvtrubschachen.ch\/index.php?rest_route=%2Fwp%2Fv2%2Ftags&post=24860"}],"curies":[{"name":"wp","href":"https:\/\/api.w.org\/{rel}","templated":true}]}}