{"id":24715,"date":"2022-01-09T19:52:08","date_gmt":"2022-01-09T18:52:08","guid":{"rendered":"https:\/\/www.tvtrubschachen.ch\/?p=24715"},"modified":"2022-01-09T20:22:36","modified_gmt":"2022-01-09T19:22:36","slug":"jari-der-fleissige-nicu-der-turner-des-jahres","status":"publish","type":"post","link":"https:\/\/www.tvtrubschachen.ch\/?p=24715","title":{"rendered":"Jari der FLEISSIGE, Nicu DER Turner des Jahres"},"content":{"rendered":"\n<p>An der HV vom 08. Januar 2022 wurde nochmals auf das vergangene Jahr zur\u00fcck- und gleichzeitig auf das bevorstehende Jahr vorausgeschaut. Die sportlichen Highlights im letzten Jahr waren der Turnerwettkampf, das Freundschaftsturnen und der LMM-Final. Im neuen Jahr freuen sich die TurnerInnen unter anderem auf das Kantonale Turnfest in Lyss.<\/p>\n\n\n\n<p>Gleichzeitig wurde die Gelegenheit wahrgenommen den vielen Helfenden DANKE zu sagen und spezielle Leistungen auszuzeichnen. So wurde Nicolas M\u00fcrner f\u00fcr seine Leistungen im 2021 (u.a. 6.19m Weitsprung, 1.75m Hochsprung) durch die Anwesenden zum Turner des Jahres gew\u00e4hlt. Ebenfalls ausgezeichnet wurde Jari Haldemann f\u00fcr den fleissigsten Turnbesuch. Hierf\u00fcr erhielt er ein grosse Schachtel Kambly-G\u00fcetzi \u00fcberreicht, damit er seine Akkus f\u00fcr wiederum viele Trainingseinheiten im neuen Jahr aufladen kann.<\/p>\n\n\n\n<figure class=\"wp-block-image size-large\"><a href=\"https:\/\/www.tvtrubschachen.ch\/wp-content\/uploads\/2022\/01\/image.png\"><img loading=\"lazy\" decoding=\"async\" width=\"1024\" height=\"946\" src=\"https:\/\/www.tvtrubschachen.ch\/wp-content\/uploads\/2022\/01\/image-1024x946.png\" alt=\"\" class=\"wp-image-24716\" srcset=\"https:\/\/www.tvtrubschachen.ch\/wp-content\/uploads\/2022\/01\/image-1024x946.png 1024w, https:\/\/www.tvtrubschachen.ch\/wp-content\/uploads\/2022\/01\/image-300x277.png 300w, https:\/\/www.tvtrubschachen.ch\/wp-content\/uploads\/2022\/01\/image-768x710.png 768w, https:\/\/www.tvtrubschachen.ch\/wp-content\/uploads\/2022\/01\/image.png 1537w\" sizes=\"auto, (max-width: 1024px) 100vw, 1024px\" \/><\/a><\/figure>\n","protected":false},"excerpt":{"rendered":"<p>An der HV vom 08. Januar 2022 wurde nochmals auf das vergangene Jahr zur\u00fcck- und gleichzeitig auf das bevorstehende Jahr vorausgeschaut. Die sportlichen Highlights im letzten Jahr waren der Turnerwettkampf, das Freundschaftsturnen und der LMM-Final. Im neuen Jahr freuen sich <a class=\"more-link\" href=\"https:\/\/www.tvtrubschachen.ch\/?p=24715\"><span class=\"screen-reader-text\">  Jari der FLEISSIGE, Nicu DER Turner des Jahres<\/span> weiterlesen<span class=\"meta-nav\">&rarr;<\/span><\/a><\/p>\n","protected":false},"author":11,"featured_media":0,"comment_status":"closed","ping_status":"closed","sticky":false,"template":"","format":"standard","meta":{"ngg_post_thumbnail":0,"footnotes":""},"categories":[3],"tags":[],"class_list":["post-24715","post","type-post","status-publish","format-standard","hentry","category-turnverein"],"_links":{"self":[{"href":"https:\/\/www.tvtrubschachen.ch\/index.php?rest_route=\/wp\/v2\/posts\/24715","targetHints":{"allow":["GET"]}}],"collection":[{"href":"https:\/\/www.tvtrubschachen.ch\/index.php?rest_route=\/wp\/v2\/posts"}],"about":[{"href":"https:\/\/www.tvtrubschachen.ch\/index.php?rest_route=\/wp\/v2\/types\/post"}],"author":[{"embeddable":true,"href":"https:\/\/www.tvtrubschachen.ch\/index.php?rest_route=\/wp\/v2\/users\/11"}],"replies":[{"embeddable":true,"href":"https:\/\/www.tvtrubschachen.ch\/index.php?rest_route=%2Fwp%2Fv2%2Fcomments&post=24715"}],"version-history":[{"count":2,"href":"https:\/\/www.tvtrubschachen.ch\/index.php?rest_route=\/wp\/v2\/posts\/24715\/revisions"}],"predecessor-version":[{"id":24720,"href":"https:\/\/www.tvtrubschachen.ch\/index.php?rest_route=\/wp\/v2\/posts\/24715\/revisions\/24720"}],"wp:attachment":[{"href":"https:\/\/www.tvtrubschachen.ch\/index.php?rest_route=%2Fwp%2Fv2%2Fmedia&parent=24715"}],"wp:term":[{"taxonomy":"category","embeddable":true,"href":"https:\/\/www.tvtrubschachen.ch\/index.php?rest_route=%2Fwp%2Fv2%2Fcategories&post=24715"},{"taxonomy":"post_tag","embeddable":true,"href":"https:\/\/www.tvtrubschachen.ch\/index.php?rest_route=%2Fwp%2Fv2%2Ftags&post=24715"}],"curies":[{"name":"wp","href":"https:\/\/api.w.org\/{rel}","templated":true}]}}