{"id":23724,"date":"2020-08-16T17:28:52","date_gmt":"2020-08-16T16:28:52","guid":{"rendered":"http:\/\/www.tvtrubschachen.ch\/?p=23724"},"modified":"2020-08-16T17:32:35","modified_gmt":"2020-08-16T16:32:35","slug":"schnaellscht-aemmitaler-2020-4-teilnehmer-4-finalplaetze","status":"publish","type":"post","link":"https:\/\/www.tvtrubschachen.ch\/?p=23724","title":{"rendered":"Schn\u00e4llscht \u00c4mmitaler 2020: 4 Teilnehmer, 4 Finalpl\u00e4tze"},"content":{"rendered":"\n<p>Mittlerweile haben wir uns mehr oder weniger daran gew\u00f6hnt, dass im Jahr 2020 nicht alles wie sonst abl\u00e4uft. Viele Anl\u00e4sse und Wettk\u00e4mpfe wurden abgesagt. Nicht aber &#8222;dr Schn\u00e4llscht \u00c4mmitaler&#8220; in Langnau.<\/p>\n\n\n\n<p>4 Athleten aus Trubschachen liessen es sich nicht nehmen dort an den Start zu gehen.<br>Bei heissen Temperaturen um die 30Grad starteten Matteo (50m), Dario (60m\/1000), Aramis (60m\/1000) und Ramon (60m) im Sprint sowie 1000m.<br>Jeder der 4 konnte sich f\u00fcr den Final-Lauf qualifizieren, dies ist sicher auch den relativ tiefen Teilnehmerzahlen geschuldet. Wer aber gar nicht erst antritt hat schon vorher verloren!<br>Matteo mit 10.11 (VL 10.06), Dario mit 9.56 (VL 9.61) und Aramis mit 9.74 (VL 9.58) erreichten im Finale allesamt den 4. Platz. Ramon konnte sich mit 9.98 (VL 10.02) die Bronze Medaille umh\u00e4ngen lassen. Bravo, herzliche Gratulation!<\/p>\n\n\n\n<p>Im 1000m hat Dario mit 4:06:08 den 5 Platz belegt, Aramis wurde in 3:57:57 4ter.<\/p>\n\n\n\n<p>Bravo Jungs! Ihr habt gut gek\u00e4mpft und alles gegeben. Super &#8211; weiter so.<br>Es bleibt zu hoffen, dass der TV Trubschachen im n\u00e4chsten Jahr wieder mit mehr Teilnehmern am Start ist. <\/p>\n\n\n\n<p><a href=\"https:\/\/www.tvtrubschachen.ch\/index.php\/nggallery\/2020\/schnaellscht-aemmitaler-2020?page_id=23528\">Einige Impressionen<\/a><\/p>\n\n\n\n<p>Rangliste : <a rel=\"noreferrer noopener\" href=\"https:\/\/www.sportklublangnau.ch\" target=\"_blank\">sportklublangnau.ch<\/a><\/p>\n","protected":false},"excerpt":{"rendered":"<p>Mittlerweile haben wir uns mehr oder weniger daran gew\u00f6hnt, dass im Jahr 2020 nicht alles wie sonst abl\u00e4uft. Viele Anl\u00e4sse und Wettk\u00e4mpfe wurden abgesagt. Nicht aber &#8222;dr Schn\u00e4llscht \u00c4mmitaler&#8220; in Langnau. 4 Athleten aus Trubschachen liessen es sich nicht nehmen <a class=\"more-link\" href=\"https:\/\/www.tvtrubschachen.ch\/?p=23724\"><span class=\"screen-reader-text\">  Schn\u00e4llscht \u00c4mmitaler 2020: 4 Teilnehmer, 4 Finalpl\u00e4tze<\/span> weiterlesen<span class=\"meta-nav\">&rarr;<\/span><\/a><\/p>\n","protected":false},"author":2,"featured_media":0,"comment_status":"closed","ping_status":"closed","sticky":false,"template":"","format":"standard","meta":{"ngg_post_thumbnail":0,"footnotes":""},"categories":[4,3],"tags":[],"class_list":["post-23724","post","type-post","status-publish","format-standard","hentry","category-jugendriege","category-turnverein"],"_links":{"self":[{"href":"https:\/\/www.tvtrubschachen.ch\/index.php?rest_route=\/wp\/v2\/posts\/23724","targetHints":{"allow":["GET"]}}],"collection":[{"href":"https:\/\/www.tvtrubschachen.ch\/index.php?rest_route=\/wp\/v2\/posts"}],"about":[{"href":"https:\/\/www.tvtrubschachen.ch\/index.php?rest_route=\/wp\/v2\/types\/post"}],"author":[{"embeddable":true,"href":"https:\/\/www.tvtrubschachen.ch\/index.php?rest_route=\/wp\/v2\/users\/2"}],"replies":[{"embeddable":true,"href":"https:\/\/www.tvtrubschachen.ch\/index.php?rest_route=%2Fwp%2Fv2%2Fcomments&post=23724"}],"version-history":[{"count":2,"href":"https:\/\/www.tvtrubschachen.ch\/index.php?rest_route=\/wp\/v2\/posts\/23724\/revisions"}],"predecessor-version":[{"id":23726,"href":"https:\/\/www.tvtrubschachen.ch\/index.php?rest_route=\/wp\/v2\/posts\/23724\/revisions\/23726"}],"wp:attachment":[{"href":"https:\/\/www.tvtrubschachen.ch\/index.php?rest_route=%2Fwp%2Fv2%2Fmedia&parent=23724"}],"wp:term":[{"taxonomy":"category","embeddable":true,"href":"https:\/\/www.tvtrubschachen.ch\/index.php?rest_route=%2Fwp%2Fv2%2Fcategories&post=23724"},{"taxonomy":"post_tag","embeddable":true,"href":"https:\/\/www.tvtrubschachen.ch\/index.php?rest_route=%2Fwp%2Fv2%2Ftags&post=23724"}],"curies":[{"name":"wp","href":"https:\/\/api.w.org\/{rel}","templated":true}]}}