{"id":23081,"date":"2019-07-01T07:36:45","date_gmt":"2019-07-01T06:36:45","guid":{"rendered":"http:\/\/www.tvtrubschachen.ch\/?p=23081"},"modified":"2019-07-02T11:02:06","modified_gmt":"2019-07-02T10:02:06","slug":"sprint-kantonalfinal-bern","status":"publish","type":"post","link":"https:\/\/www.tvtrubschachen.ch\/?p=23081","title":{"rendered":"Sprint Kantonalfinal Bern"},"content":{"rendered":"\n<p>Bei Temperaturen \u00fcber 30 Grad machte sich Dario Kr\u00e4henb\u00fchl auf um die Farben der Jugi Trubschachen in Bern am Kantonalen Spintfinal zu vertreten. <br>Mit einem soliden Vorlauf konnte Dario sich f\u00fcr die Zwischenl\u00e4ufe qualifizieren. In den Zwischenl\u00e4ufen war dann leider Endstation, durch die Hitze und die l\u00e4ngere Wartezeit zwischen den L\u00e4ufen ging die n\u00f6tige Explosivit\u00e4t verloren und Dario konnte sich nicht weiter steigern.<br>Dennoch ist das Erreichen des Kantonalfinals sicher als Erfolg zu werten!<\/p>\n\n\n\n<p>Herzliche Gratulation!<\/p>\n\n\n\n<div class=\"wp-block-file\"><a href=\"http:\/\/www.tvtrubschachen.ch\/wp-content\/uploads\/2019\/07\/2019-Rangliste-Kantonalfinal-BE.pdf\" target=\"_blank\" rel=\"noreferrer noopener\">2019-Rangliste-Kantonalfinal-BE<\/a><\/div>\n","protected":false},"excerpt":{"rendered":"<p>Bei Temperaturen \u00fcber 30 Grad machte sich Dario Kr\u00e4henb\u00fchl auf um die Farben der Jugi Trubschachen in Bern am Kantonalen Spintfinal zu vertreten. Mit einem soliden Vorlauf konnte Dario sich f\u00fcr die Zwischenl\u00e4ufe qualifizieren. In den Zwischenl\u00e4ufen war dann leider <a class=\"more-link\" href=\"https:\/\/www.tvtrubschachen.ch\/?p=23081\"><span class=\"screen-reader-text\">  Sprint Kantonalfinal Bern<\/span> weiterlesen<span class=\"meta-nav\">&rarr;<\/span><\/a><\/p>\n","protected":false},"author":2,"featured_media":0,"comment_status":"closed","ping_status":"closed","sticky":false,"template":"","format":"standard","meta":{"ngg_post_thumbnail":0,"footnotes":""},"categories":[4],"tags":[],"class_list":["post-23081","post","type-post","status-publish","format-standard","hentry","category-jugendriege"],"_links":{"self":[{"href":"https:\/\/www.tvtrubschachen.ch\/index.php?rest_route=\/wp\/v2\/posts\/23081","targetHints":{"allow":["GET"]}}],"collection":[{"href":"https:\/\/www.tvtrubschachen.ch\/index.php?rest_route=\/wp\/v2\/posts"}],"about":[{"href":"https:\/\/www.tvtrubschachen.ch\/index.php?rest_route=\/wp\/v2\/types\/post"}],"author":[{"embeddable":true,"href":"https:\/\/www.tvtrubschachen.ch\/index.php?rest_route=\/wp\/v2\/users\/2"}],"replies":[{"embeddable":true,"href":"https:\/\/www.tvtrubschachen.ch\/index.php?rest_route=%2Fwp%2Fv2%2Fcomments&post=23081"}],"version-history":[{"count":2,"href":"https:\/\/www.tvtrubschachen.ch\/index.php?rest_route=\/wp\/v2\/posts\/23081\/revisions"}],"predecessor-version":[{"id":23085,"href":"https:\/\/www.tvtrubschachen.ch\/index.php?rest_route=\/wp\/v2\/posts\/23081\/revisions\/23085"}],"wp:attachment":[{"href":"https:\/\/www.tvtrubschachen.ch\/index.php?rest_route=%2Fwp%2Fv2%2Fmedia&parent=23081"}],"wp:term":[{"taxonomy":"category","embeddable":true,"href":"https:\/\/www.tvtrubschachen.ch\/index.php?rest_route=%2Fwp%2Fv2%2Fcategories&post=23081"},{"taxonomy":"post_tag","embeddable":true,"href":"https:\/\/www.tvtrubschachen.ch\/index.php?rest_route=%2Fwp%2Fv2%2Ftags&post=23081"}],"curies":[{"name":"wp","href":"https:\/\/api.w.org\/{rel}","templated":true}]}}