{"id":22825,"date":"2019-06-23T21:02:22","date_gmt":"2019-06-23T20:02:22","guid":{"rendered":"http:\/\/www.tvtrubschachen.ch\/?p=22825"},"modified":"2019-07-01T07:37:56","modified_gmt":"2019-07-01T06:37:56","slug":"eidgenoessisches-turnfest-aarau","status":"publish","type":"post","link":"https:\/\/www.tvtrubschachen.ch\/?p=22825","title":{"rendered":"Eidgen\u00f6ssisches Turnfest Aarau"},"content":{"rendered":"\n<p>68&#8217;000 Turnerinnen und Turner repr\u00e4sentierten w\u00e4hrend zwei\nWochen den Schweizer Turnsport. Das 1. Wochenende stand dabei ganz im Zeichen\ndes Einzelwettkampfes. Mit Christine Lehmann, Jari Haldemann und Markus Bigler\nstanden drei Athleten vom TV Trubschachen im Einsatz. Mit grossem Einsatz\nsicherte sich Chrige Rang 184 bei den Damen. Jari belegte bei seinem Debut an\neinem Einzelwettkampf bei den Aktiven Rang 663. K\u00fcsu seinerseits sicherte sich\nmit Rang 69 die Auszeichnung. Speziell zu w\u00fcrdigen ist seine Leistung, war doch\nnur ein einziger Turner in seinem Alter besser klassiert. Die detaillierten\nLeistungen sind in der Rangliste ersichtlich:<\/p>\n\n\n\n<p><a href=\"https:\/\/www.aarau2019.ch\/sites\/default\/files\/Ranglisten\/Rangliste%20Leichtathletik%20de%202.pdf\">https:\/\/www.aarau2019.ch\/sites\/default\/files\/Ranglisten\/Rangliste%20Leichtathletik%20de%202.pdf<\/a><\/p>\n\n\n\n<p>Am 2. Wochenende ging es f\u00fcr das Team um die Wurst. Am Donnerstag absolvierten die Sch\u00e4cheler den 3-teiligen Vereinswettkampf in der 4. St\u00e4rkeklasse. 19 Athleten wurden dabei von zahlreichen Supportern unterst\u00fctzt. Speziell gefreut haben sich die Aktiven \u00fcber die Unterst\u00fctzung der Ehemaligen. Mit 27.03 Punkten resultierte Rang 69 unter 441 Vereinen und die Coup-Limite von 27.00 konnte sogar knapp \u00fcbertroffen werden:<\/p>\n\n\n\n<ol class=\"wp-block-list\"><li>Teil: Pendelstafette (8) 9.06 \/ Kugelstossen (7) 9.23<\/li><li>Teil: Schleuderball (10) 9.17<\/li><li>Teil: 800m (4) 8.13 \/ Weitwurf (4) 8.76 \/ Steinstossen (4) 9.27<\/li><\/ol>\n\n\n\n<p>Speziell herauszustreichen ist der Vereinsrekord im\nSchleuderball durch Markus Bigler. Mit sensationellen 58.54m l\u00f6ste er Thomas\nKr\u00e4henb\u00fchl ab, welcher die bisherige Bestmarke 2011 am Turnfest in Bottighofen\naufgestellt hatte. Thomas Kr\u00e4henb\u00fchl selbst konnte sich die Maximalnote 10\ngleich 2x gutschreiben lassen. Zum einen ebenfalls im Schleuderball mit 52.28m\nund zum anderen im Steinstossen mit 10.01m. Sehr erfreulich war auch die Leistung\nvon Nicola M\u00fcrner, welcher die 800m in 2.08,56 zur\u00fccklegte.<\/p>\n\n\n\n<p><a href=\"https:\/\/www.aarau2019.ch\/sites\/default\/files\/Medien\/Rangliste%20VW%20Aktive%203-teilig%20de.pdf\">https:\/\/www.aarau2019.ch\/sites\/default\/files\/Medien\/Rangliste%20VW%20Aktive%203-teilig%20de.pdf<\/a><\/p>\n\n\n\n<p>Nachdem sportlichen Teil war das Turnfest nat\u00fcrlich nicht zu Ende. Nach einem frohen Fest machten sich die Schache-Turnerinnen und Turner am Freitag auf den von Vanessa organisierten ETF-Ausflug. Dort wurden wir zur\u00fcck in die R\u00f6merzeit versetzt und k\u00e4mpften wie Legion\u00e4re fr\u00fcher in Vindonissa. Danach ging es weiter nach Baden, wo wir in der Jugendherberge \u00fcbernachteten. Vorher feierten wir unsere ETF-Leistungen beim gem\u00fctlichen grillieren. Die Br\u00e4tlistelle verdienten wir uns hierbei mit einer ausgepr\u00e4gten Wanderung. Am Samstagnachmittag machten sich die Kambly-Bretzeli-Experten auf, die Geheimnisse der Schokoladenfabrik Frey zu erkunden und dabei ihre eigenen Schokoladentafelkreationen zu gestalten.<\/p>\n\n\n\n<p>Am Samstagabend ging es nochmals zur\u00fcck an die Partymeile\nbevor wir am Sonntagvormittag die Heimfahrt antraten und die Erlebnisse bei\ngem\u00fctlichem Beisammen sein im B\u00e4ren Trubschachen Revue passieren liessen.<\/p>\n\n\n\n<p>Zur\u00fcck bleiben wunderbare Erlebnisse und Erinnerung, die\nGewissheit zusammen etwas erreichen zu k\u00f6nnen und dass das ETF nicht nur die\nLeichtathleten und Turner bewegt hat, sondern mit der Medienpr\u00e4senz in der\nganzen Schweiz als feierlicher Anlass wahrgenommen wurde.<\/p>\n\n\n\n<p>Vielen Dank allen Athletinnen und Athleten welche am ETF\nteilgenommen haben und sich die vergangen Wochen und Monate auf diesen H\u00f6hepunkt\nvorbereitete haben, allen Leitern und Trainern, welche bereits den Kinder und Jugendlichen\ndie Freude an unserem Sport vermitteln, allen Supportern und auch allen anderen\nwelchen den TVT in irgendeiner Form unterst\u00fctzen.<\/p>\n","protected":false},"excerpt":{"rendered":"<p>68&#8217;000 Turnerinnen und Turner repr\u00e4sentierten w\u00e4hrend zwei Wochen den Schweizer Turnsport. Das 1. Wochenende stand dabei ganz im Zeichen des Einzelwettkampfes. Mit Christine Lehmann, Jari Haldemann und Markus Bigler standen drei Athleten vom TV Trubschachen im Einsatz. Mit grossem Einsatz <a class=\"more-link\" href=\"https:\/\/www.tvtrubschachen.ch\/?p=22825\"><span class=\"screen-reader-text\">  Eidgen\u00f6ssisches Turnfest Aarau<\/span> weiterlesen<span class=\"meta-nav\">&rarr;<\/span><\/a><\/p>\n","protected":false},"author":11,"featured_media":0,"comment_status":"closed","ping_status":"closed","sticky":false,"template":"","format":"standard","meta":{"ngg_post_thumbnail":0,"footnotes":""},"categories":[4,3],"tags":[],"class_list":["post-22825","post","type-post","status-publish","format-standard","hentry","category-jugendriege","category-turnverein"],"_links":{"self":[{"href":"https:\/\/www.tvtrubschachen.ch\/index.php?rest_route=\/wp\/v2\/posts\/22825","targetHints":{"allow":["GET"]}}],"collection":[{"href":"https:\/\/www.tvtrubschachen.ch\/index.php?rest_route=\/wp\/v2\/posts"}],"about":[{"href":"https:\/\/www.tvtrubschachen.ch\/index.php?rest_route=\/wp\/v2\/types\/post"}],"author":[{"embeddable":true,"href":"https:\/\/www.tvtrubschachen.ch\/index.php?rest_route=\/wp\/v2\/users\/11"}],"replies":[{"embeddable":true,"href":"https:\/\/www.tvtrubschachen.ch\/index.php?rest_route=%2Fwp%2Fv2%2Fcomments&post=22825"}],"version-history":[{"count":12,"href":"https:\/\/www.tvtrubschachen.ch\/index.php?rest_route=\/wp\/v2\/posts\/22825\/revisions"}],"predecessor-version":[{"id":23084,"href":"https:\/\/www.tvtrubschachen.ch\/index.php?rest_route=\/wp\/v2\/posts\/22825\/revisions\/23084"}],"wp:attachment":[{"href":"https:\/\/www.tvtrubschachen.ch\/index.php?rest_route=%2Fwp%2Fv2%2Fmedia&parent=22825"}],"wp:term":[{"taxonomy":"category","embeddable":true,"href":"https:\/\/www.tvtrubschachen.ch\/index.php?rest_route=%2Fwp%2Fv2%2Fcategories&post=22825"},{"taxonomy":"post_tag","embeddable":true,"href":"https:\/\/www.tvtrubschachen.ch\/index.php?rest_route=%2Fwp%2Fv2%2Ftags&post=22825"}],"curies":[{"name":"wp","href":"https:\/\/api.w.org\/{rel}","templated":true}]}}