{"id":21706,"date":"2019-02-24T13:09:35","date_gmt":"2019-02-24T12:09:35","guid":{"rendered":"http:\/\/www.tvtrubschachen.ch\/?p=21706"},"modified":"2019-02-24T13:14:09","modified_gmt":"2019-02-24T12:14:09","slug":"startzeit-etf-aarau","status":"publish","type":"post","link":"https:\/\/www.tvtrubschachen.ch\/?p=21706","title":{"rendered":"Noch 108 Tage bis zum ETF in Aarau"},"content":{"rendered":"\n<p>Mittlerweile wurden die Zeitpl\u00e4ne f\u00fcr den Sektionswettkampf am eidgen\u00f6ssischen Turnfest ver\u00f6ffentlicht. <br>F\u00fcr uns bedeutet dies folgendes: <br><br>Wettkampf: Donnerstag, 20. Juni 2019 <br><br>11:12 Uhr: PS + KU <br>13:12 Uhr: SB <br>14:30 Uhr: WU + 800m + STS<br><br>Weitere Informationen: <a href=\"https:\/\/www.aarau2019.ch\/de\">https:\/\/www.aarau2019.ch\/de<\/a> <\/p>\n","protected":false},"excerpt":{"rendered":"<p>Mittlerweile wurden die Zeitpl\u00e4ne f\u00fcr den Sektionswettkampf am eidgen\u00f6ssischen Turnfest ver\u00f6ffentlicht. F\u00fcr uns bedeutet dies folgendes: Wettkampf: Donnerstag, 20. Juni 2019 11:12 Uhr: PS + KU 13:12 Uhr: SB 14:30 Uhr: WU + 800m + STS Weitere Informationen: https:\/\/www.aarau2019.ch\/de<\/p>\n","protected":false},"author":2,"featured_media":0,"comment_status":"closed","ping_status":"closed","sticky":false,"template":"","format":"standard","meta":{"ngg_post_thumbnail":0,"footnotes":""},"categories":[16,4,5,3],"tags":[],"class_list":["post-21706","post","type-post","status-publish","format-standard","hentry","category-damenriege","category-jugendriege","category-mannerriege","category-turnverein"],"_links":{"self":[{"href":"https:\/\/www.tvtrubschachen.ch\/index.php?rest_route=\/wp\/v2\/posts\/21706","targetHints":{"allow":["GET"]}}],"collection":[{"href":"https:\/\/www.tvtrubschachen.ch\/index.php?rest_route=\/wp\/v2\/posts"}],"about":[{"href":"https:\/\/www.tvtrubschachen.ch\/index.php?rest_route=\/wp\/v2\/types\/post"}],"author":[{"embeddable":true,"href":"https:\/\/www.tvtrubschachen.ch\/index.php?rest_route=\/wp\/v2\/users\/2"}],"replies":[{"embeddable":true,"href":"https:\/\/www.tvtrubschachen.ch\/index.php?rest_route=%2Fwp%2Fv2%2Fcomments&post=21706"}],"version-history":[{"count":4,"href":"https:\/\/www.tvtrubschachen.ch\/index.php?rest_route=\/wp\/v2\/posts\/21706\/revisions"}],"predecessor-version":[{"id":21710,"href":"https:\/\/www.tvtrubschachen.ch\/index.php?rest_route=\/wp\/v2\/posts\/21706\/revisions\/21710"}],"wp:attachment":[{"href":"https:\/\/www.tvtrubschachen.ch\/index.php?rest_route=%2Fwp%2Fv2%2Fmedia&parent=21706"}],"wp:term":[{"taxonomy":"category","embeddable":true,"href":"https:\/\/www.tvtrubschachen.ch\/index.php?rest_route=%2Fwp%2Fv2%2Fcategories&post=21706"},{"taxonomy":"post_tag","embeddable":true,"href":"https:\/\/www.tvtrubschachen.ch\/index.php?rest_route=%2Fwp%2Fv2%2Ftags&post=21706"}],"curies":[{"name":"wp","href":"https:\/\/api.w.org\/{rel}","templated":true}]}}