{"id":20962,"date":"2018-08-31T11:31:03","date_gmt":"2018-08-31T10:31:03","guid":{"rendered":"http:\/\/www.tvtrubschachen.ch\/?p=20962"},"modified":"2018-09-02T12:14:42","modified_gmt":"2018-09-02T11:14:42","slug":"infos-herbstmehrkampf-wasen","status":"publish","type":"post","link":"https:\/\/www.tvtrubschachen.ch\/?p=20962","title":{"rendered":"Herbstmehrkampf Wasen"},"content":{"rendered":"<p>Mit 10 motivierten Athletinnen und Athleten startete der Turnverein Trubschachen am Herbstmehrkampf im Wasen. Bei leichtem Regen und k\u00fchlen Temperaturen konnten wir gute bis sehr gute Resultate erzielen. Mit 4 Podestpl\u00e4tzen d\u00fcrfen wir sehr zufrieden sein.<\/p>\n<p><span style=\"font-family: 'Helvetica Neue', Helvetica, Arial, sans-serif; font-size: 15px; font-style: normal;\">2. Platz Haldemann Lenny<\/span><\/p>\n<p>3. Platz Brechb\u00fchl Janik<\/p>\n<p>3. Platz Muriel Wittwer<\/p>\n<p>3. Platz Haldemann Jari<\/p>\n<p><span style=\"font-size: 15px;\">Die weiteren Pl\u00e4tze:<\/span><span style=\"font-size: 15px;\">\u00a04. Schenk Nicol, 6. Schneeberger Livia, \u00a04. Fankhauser Lukas, 10. Chevallaz Nicole, 9. Chevallaz Denise, 4. Fankhauser Sven<\/span><\/p>\n<p><span style=\"font-size: 15px;\">Leiterteam gratuliert allen Athletinnen und Athleten zu den super Leistungen. Macht weiter so :-)<\/span><\/p>\n<p>Das Leiterteam<\/p>\n<p><a href=\"http:\/\/www.tvtrubschachen.ch\/index.php\/nggallery\/2018\/Herbstmehrkampf-Wasen-2?page_id=18751\">Bilder Herbstmehrkampf Wasen 2018<\/a><\/p>\n<p><a href=\"https:\/\/svwasen.files.wordpress.com\/2018\/09\/rangliste-herbstmehrkampf-2018.pdf\">Rangliste Herbstmehrkampf Wasen 2018<\/a><\/p>\n<p>&nbsp;<\/p>\n","protected":false},"excerpt":{"rendered":"<p>Mit 10 motivierten Athletinnen und Athleten startete der Turnverein Trubschachen am Herbstmehrkampf im Wasen. Bei leichtem Regen und k\u00fchlen Temperaturen konnten wir gute bis sehr gute Resultate erzielen. Mit 4 Podestpl\u00e4tzen d\u00fcrfen wir sehr zufrieden sein. 2. Platz Haldemann Lenny <a class=\"more-link\" href=\"https:\/\/www.tvtrubschachen.ch\/?p=20962\"><span class=\"screen-reader-text\">  Herbstmehrkampf Wasen<\/span> weiterlesen<span class=\"meta-nav\">&rarr;<\/span><\/a><\/p>\n","protected":false},"author":2,"featured_media":0,"comment_status":"closed","ping_status":"closed","sticky":false,"template":"","format":"standard","meta":{"ngg_post_thumbnail":0,"footnotes":""},"categories":[4],"tags":[],"class_list":["post-20962","post","type-post","status-publish","format-standard","hentry","category-jugendriege"],"_links":{"self":[{"href":"https:\/\/www.tvtrubschachen.ch\/index.php?rest_route=\/wp\/v2\/posts\/20962","targetHints":{"allow":["GET"]}}],"collection":[{"href":"https:\/\/www.tvtrubschachen.ch\/index.php?rest_route=\/wp\/v2\/posts"}],"about":[{"href":"https:\/\/www.tvtrubschachen.ch\/index.php?rest_route=\/wp\/v2\/types\/post"}],"author":[{"embeddable":true,"href":"https:\/\/www.tvtrubschachen.ch\/index.php?rest_route=\/wp\/v2\/users\/2"}],"replies":[{"embeddable":true,"href":"https:\/\/www.tvtrubschachen.ch\/index.php?rest_route=%2Fwp%2Fv2%2Fcomments&post=20962"}],"version-history":[{"count":12,"href":"https:\/\/www.tvtrubschachen.ch\/index.php?rest_route=\/wp\/v2\/posts\/20962\/revisions"}],"predecessor-version":[{"id":21282,"href":"https:\/\/www.tvtrubschachen.ch\/index.php?rest_route=\/wp\/v2\/posts\/20962\/revisions\/21282"}],"wp:attachment":[{"href":"https:\/\/www.tvtrubschachen.ch\/index.php?rest_route=%2Fwp%2Fv2%2Fmedia&parent=20962"}],"wp:term":[{"taxonomy":"category","embeddable":true,"href":"https:\/\/www.tvtrubschachen.ch\/index.php?rest_route=%2Fwp%2Fv2%2Fcategories&post=20962"},{"taxonomy":"post_tag","embeddable":true,"href":"https:\/\/www.tvtrubschachen.ch\/index.php?rest_route=%2Fwp%2Fv2%2Ftags&post=20962"}],"curies":[{"name":"wp","href":"https:\/\/api.w.org\/{rel}","templated":true}]}}