{"id":19683,"date":"2018-06-09T08:30:56","date_gmt":"2018-06-09T07:30:56","guid":{"rendered":"http:\/\/www.tvtrubschachen.ch\/?p=19683"},"modified":"2018-06-09T08:53:05","modified_gmt":"2018-06-09T07:53:05","slug":"mtf-buchsi-2018-bronze-fuer-vanessa-bigler","status":"publish","type":"post","link":"https:\/\/www.tvtrubschachen.ch\/?p=19683","title":{"rendered":"MTF Buchsi 2018 \u2013 Bronze f\u00fcr Vanessa Bigler"},"content":{"rendered":"<p><span style=\"color: #000000; font-family: Calibri;\">F\u00fcr Vanessa und Schumi stand am mittell\u00e4ndischen Turnfest am Freitag ein Formtest an. Auf sch\u00f6n hergerichteten Anlagen k\u00e4mpften die zwei um Sekunden und Zentimeter. <\/span><\/p>\n<p><span style=\"color: #000000; font-family: Calibri;\">Vanessa absolvierte einen Dreikampf bestehend aus den Disziplinen 80m, Hochsprung und Kugelstossen. Durch eine kontinuierliche Leistungssteigerung konnte sie sich im Verlauf des Wettkampfs nach vorne arbeiten, was in der Endabrechnung mit Rang 3 und der Bronzemedaille in der Kategorie W30\/W40 belohnt wurde.<\/span><\/p>\n<p><span style=\"color: #000000; font-family: Calibri;\">Schumi seinerseits deb\u00fctierte handicapiert in der Kategorie M30 und absolviert nur zwei von vier Disziplinen.\u00a0 W\u00e4hrend die Leistung im Kugelstossen m\u00e4ssig war, musste bereits das bestreiten des 800m-Laufs als Erfolg angesehen werden.<\/span><\/p>\n<p><span style=\"color: #000000; font-family: Calibri;\">F\u00fcr den Feinschliff respektive die Genesung bleiben drei Wochen, welche die beiden nutzen wollen, bis in Langnau der Saisonh\u00f6hepunkt ansteht.<\/span><\/p>\n<p><span lang=\"EN-US\"><span style=\"font-family: Calibri;\"><span style=\"color: #000000;\">Rangliste:\u00a0https:\/\/www.turnfest18.ch\/index.php<\/span><\/span><\/span><\/p>\n<p style=\"background-color: transparent; border-image-outset: 0; border-image-repeat: stretch; border-image-slice: 100%; border-image-source: none; border-image-width: 1; color: #373737; font-family: &amp;quot; helvetica neue&amp;quot;,helvetica,arial,sans-serif; font-size: 15px; font-style: normal; font-variant: normal; font-weight: 300; letter-spacing: normal; orphans: 2; outline-color: invert; outline-style: none; outline-width: 0px; text-align: left; text-decoration: none; text-indent: 0px; text-transform: none; vertical-align: baseline; -webkit-text-stroke-width: 0px; white-space: normal; word-spacing: 0px; padding: 0px; margin: 0px 0px 30px 0px; border: 0px none #373737;\">\n<p style=\"background-color: transparent; border-image-outset: 0; border-image-repeat: stretch; border-image-slice: 100%; border-image-source: none; border-image-width: 1; color: #373737; font-family: &amp;quot; helvetica neue&amp;quot;,helvetica,arial,sans-serif; font-size: 15px; font-style: normal; font-variant: normal; font-weight: 300; letter-spacing: normal; orphans: 2; outline-color: invert; outline-style: none; outline-width: 0px; text-align: left; text-decoration: none; text-indent: 0px; text-transform: none; vertical-align: baseline; -webkit-text-stroke-width: 0px; white-space: normal; word-spacing: 0px; padding: 0px; margin: 0px 0px 30px 0px; border: 0px none #373737;\">\n<p style=\"border-image-outset: 0; border-image-repeat: stretch; border-image-slice: 100%; border-image-source: none; border-image-width: 1; font-family: Calibri; font-size: 15px; font-style: normal; font-weight: 300; outline-color: invert; outline-style: none; outline-width: 0px; vertical-align: baseline; padding: 0px; margin: 0px 0px 30px 0px; border: 0px none #000000;\">Fotos: <a style=\"border-image-outset: 0; border-image-repeat: stretch; border-image-slice: 100%; border-image-source: none; border-image-width: 1; color: #337ab7; font-family: Calibri; font-size: 15px; font-style: normal; font-weight: 300; outline-color: invert; outline-style: none; outline-width: 0px; text-decoration: underline; vertical-align: baseline; padding: 0px; margin: 0px; border: 0px none #337ab7;\" href=\"http:\/\/www.tvtrubschachen.ch\/index.php\/nggallery\/2018\/MTF-Buchsi-2018?page_id=18751\"><span lang=\"EN-US\" style=\"border-image-outset: 0; border-image-repeat: stretch; border-image-slice: 100%; border-image-source: none; border-image-width: 1; font-family: Calibri; font-size: 15px; font-style: normal; font-weight: 300; outline-color: invert; outline-style: none; outline-width: 0px; vertical-align: baseline; padding: 0px; margin: 0px; border: 0px none #337ab7;\"><span style=\"border-image-outset: 0; border-image-repeat: stretch; border-image-slice: 100%; border-image-source: none; border-image-width: 1; color: #000000; font-family: Calibri; font-size: 15px; font-style: normal; font-weight: 300; outline-color: invert; outline-style: none; outline-width: 0px; vertical-align: baseline; padding: 0px; margin: 0px; border: 0px none #000000;\">http:\/\/www.tvtrubschachen.ch\/index.php\/nggallery\/2018\/MTF-Buchsi-2018?page_id=18751<\/span><\/span><\/a><\/p>\n<p>&nbsp;<\/p>\n<p>&nbsp;<\/p>\n","protected":false},"excerpt":{"rendered":"<p>F\u00fcr Vanessa und Schumi stand am mittell\u00e4ndischen Turnfest am Freitag ein Formtest an. Auf sch\u00f6n hergerichteten Anlagen k\u00e4mpften die zwei um Sekunden und Zentimeter. Vanessa absolvierte einen Dreikampf bestehend aus den Disziplinen 80m, Hochsprung und Kugelstossen. Durch eine kontinuierliche Leistungssteigerung <a class=\"more-link\" href=\"https:\/\/www.tvtrubschachen.ch\/?p=19683\"><span class=\"screen-reader-text\">  MTF Buchsi 2018 \u2013 Bronze f\u00fcr Vanessa Bigler<\/span> weiterlesen<span class=\"meta-nav\">&rarr;<\/span><\/a><\/p>\n","protected":false},"author":11,"featured_media":0,"comment_status":"closed","ping_status":"closed","sticky":false,"template":"","format":"standard","meta":{"ngg_post_thumbnail":0,"footnotes":""},"categories":[3],"tags":[],"class_list":["post-19683","post","type-post","status-publish","format-standard","hentry","category-turnverein"],"_links":{"self":[{"href":"https:\/\/www.tvtrubschachen.ch\/index.php?rest_route=\/wp\/v2\/posts\/19683","targetHints":{"allow":["GET"]}}],"collection":[{"href":"https:\/\/www.tvtrubschachen.ch\/index.php?rest_route=\/wp\/v2\/posts"}],"about":[{"href":"https:\/\/www.tvtrubschachen.ch\/index.php?rest_route=\/wp\/v2\/types\/post"}],"author":[{"embeddable":true,"href":"https:\/\/www.tvtrubschachen.ch\/index.php?rest_route=\/wp\/v2\/users\/11"}],"replies":[{"embeddable":true,"href":"https:\/\/www.tvtrubschachen.ch\/index.php?rest_route=%2Fwp%2Fv2%2Fcomments&post=19683"}],"version-history":[{"count":4,"href":"https:\/\/www.tvtrubschachen.ch\/index.php?rest_route=\/wp\/v2\/posts\/19683\/revisions"}],"predecessor-version":[{"id":19693,"href":"https:\/\/www.tvtrubschachen.ch\/index.php?rest_route=\/wp\/v2\/posts\/19683\/revisions\/19693"}],"wp:attachment":[{"href":"https:\/\/www.tvtrubschachen.ch\/index.php?rest_route=%2Fwp%2Fv2%2Fmedia&parent=19683"}],"wp:term":[{"taxonomy":"category","embeddable":true,"href":"https:\/\/www.tvtrubschachen.ch\/index.php?rest_route=%2Fwp%2Fv2%2Fcategories&post=19683"},{"taxonomy":"post_tag","embeddable":true,"href":"https:\/\/www.tvtrubschachen.ch\/index.php?rest_route=%2Fwp%2Fv2%2Ftags&post=19683"}],"curies":[{"name":"wp","href":"https:\/\/api.w.org\/{rel}","templated":true}]}}