{"id":18316,"date":"2017-08-13T00:23:33","date_gmt":"2017-08-12T23:23:33","guid":{"rendered":"http:\/\/www.tvtrubschachen.ch\/?p=18316"},"modified":"2017-08-13T00:23:33","modified_gmt":"2017-08-12T23:23:33","slug":"22-muensigerlouf","status":"publish","type":"post","link":"https:\/\/www.tvtrubschachen.ch\/?p=18316","title":{"rendered":"22. M\u00fcnsigerlouf"},"content":{"rendered":"<p><span style=\"color: #000000; font-family: Calibri; font-size: medium;\">Am M\u00fcnsigerlouf nahmen am Samstag, 12. August auch zwei Sch\u00e4cheler teil. <\/span><span style=\"color: #000000; font-family: Calibri; font-size: medium;\">\u00a0<\/span><span style=\"color: #000000; font-family: Calibri; font-size: medium;\">Simon Beer startete in der Kategorie \u00abTiger \u2013 Giele 1.9km\u00bb (Jahrgang 2002\/03) und belegte dort den sehr guten 2. Rang. Dabei musste er sich nur um 1,8 Sekunden seinem Mitbewerber geschlagen geben. Herzliche Gratulation!<\/span><\/p>\n<p><span style=\"color: #000000; font-family: Calibri; font-size: medium;\">Gute zwei Stunden sp\u00e4ter schn\u00fcrte Simon, zusammen mit Thomas Jakob (Schumi), die Laufschuhe ein zweites Mal, um sich auch noch \u00fcber die 10km zu versuchen. Mit etwas schweren Beinen vom 1. Rennen und infolge eines etwas zu schnellen Starts, hatte er vor allem auf der 2. Runde zu k\u00e4mpfen. Trotzdem k\u00e4mpfte er sich in 48.18 Minuten ins Ziel. W\u00e4hrend dessen absolvierte Schumi die 10km trainingshalber in einer sehr m\u00e4ssigen Zeit von 40.39 Minuten. Immerhin wurde wieder einmal etwas Rennluft geschnuppert.<\/span><\/p>\n<p><span style=\"color: #000000; font-family: Calibri; font-size: medium;\">Rangliste:<\/span><\/p>\n<p><a href=\"https:\/\/services.datasport.com\/2017\/lauf\/muensingen\/rang055.htm\">https:\/\/services.datasport.com\/2017\/lauf\/muensingen\/rang055.htm<\/a><\/p>\n<p><a href=\"https:\/\/services.datasport.com\/2017\/lauf\/muensingen\/rang092.htm\">https:\/\/services.datasport.com\/2017\/lauf\/muensingen\/rang092.htm<\/a><\/p>\n<p><span style=\"color: #000000; font-family: Calibri; font-size: medium;\">\u00a0<\/span><\/p>\n<p><span style=\"color: #000000; font-family: Calibri; font-size: medium;\">\u00a0<\/span><\/p>\n","protected":false},"excerpt":{"rendered":"<p>Am M\u00fcnsigerlouf nahmen am Samstag, 12. August auch zwei Sch\u00e4cheler teil. \u00a0Simon Beer startete in der Kategorie \u00abTiger \u2013 Giele 1.9km\u00bb (Jahrgang 2002\/03) und belegte dort den sehr guten 2. Rang. Dabei musste er sich nur um 1,8 Sekunden seinem <a class=\"more-link\" href=\"https:\/\/www.tvtrubschachen.ch\/?p=18316\"><span class=\"screen-reader-text\">  22. M\u00fcnsigerlouf<\/span> weiterlesen<span class=\"meta-nav\">&rarr;<\/span><\/a><\/p>\n","protected":false},"author":11,"featured_media":0,"comment_status":"closed","ping_status":"closed","sticky":false,"template":"","format":"standard","meta":{"ngg_post_thumbnail":0,"footnotes":""},"categories":[4,3],"tags":[],"class_list":["post-18316","post","type-post","status-publish","format-standard","hentry","category-jugendriege","category-turnverein"],"_links":{"self":[{"href":"https:\/\/www.tvtrubschachen.ch\/index.php?rest_route=\/wp\/v2\/posts\/18316","targetHints":{"allow":["GET"]}}],"collection":[{"href":"https:\/\/www.tvtrubschachen.ch\/index.php?rest_route=\/wp\/v2\/posts"}],"about":[{"href":"https:\/\/www.tvtrubschachen.ch\/index.php?rest_route=\/wp\/v2\/types\/post"}],"author":[{"embeddable":true,"href":"https:\/\/www.tvtrubschachen.ch\/index.php?rest_route=\/wp\/v2\/users\/11"}],"replies":[{"embeddable":true,"href":"https:\/\/www.tvtrubschachen.ch\/index.php?rest_route=%2Fwp%2Fv2%2Fcomments&post=18316"}],"version-history":[{"count":1,"href":"https:\/\/www.tvtrubschachen.ch\/index.php?rest_route=\/wp\/v2\/posts\/18316\/revisions"}],"predecessor-version":[{"id":18317,"href":"https:\/\/www.tvtrubschachen.ch\/index.php?rest_route=\/wp\/v2\/posts\/18316\/revisions\/18317"}],"wp:attachment":[{"href":"https:\/\/www.tvtrubschachen.ch\/index.php?rest_route=%2Fwp%2Fv2%2Fmedia&parent=18316"}],"wp:term":[{"taxonomy":"category","embeddable":true,"href":"https:\/\/www.tvtrubschachen.ch\/index.php?rest_route=%2Fwp%2Fv2%2Fcategories&post=18316"},{"taxonomy":"post_tag","embeddable":true,"href":"https:\/\/www.tvtrubschachen.ch\/index.php?rest_route=%2Fwp%2Fv2%2Ftags&post=18316"}],"curies":[{"name":"wp","href":"https:\/\/api.w.org\/{rel}","templated":true}]}}