{"id":12388,"date":"2016-09-07T06:14:59","date_gmt":"2016-09-07T05:14:59","guid":{"rendered":"http:\/\/www.tvtrubschachen.ch\/?p=12388"},"modified":"2016-09-07T17:34:28","modified_gmt":"2016-09-07T16:34:28","slug":"herbstmehrkampf-wasen-3","status":"publish","type":"post","link":"https:\/\/www.tvtrubschachen.ch\/?p=12388","title":{"rendered":"Herbstmehrkampf Wasen"},"content":{"rendered":"<p>Am Samstag, 3. September 2016 hat die Jugi Trubschachen den letzten Wettkampf dieser Saison in Angriff genommen. Mit einer Teilnehmerzahl von dreizehn Turnerinnen und Turnern sind wir an den Herbstmehrkampf in Wasen gefahren. Unter guten Wetterbedingungen konnten wir auf den Schulhausanlagen den Drei- resp. Vierkampf absolvieren. Einige konnten gar ihre bisherigen Jahresbestleistungen \u00fcbertreffen. Am Ende gelang es Sven sowie auch Nik sich einen Podestplatz zu sichern.<br \/>\nEin besonderer Dank f\u00fcr die Unterst\u00fctzung geht an die Fahrerinnen und Fahrer sowie an Michelle f\u00fcr die \u00fcberzeugende \u00dcbernahme der Jugileitung!<\/p>\n<p>Bericht: Patrick Locher<\/p>\n<p><a href=\"http:\/\/www.tvtrubschachen.ch\/index.php\/nggallery\/2016\/Herbstmehrkampf-Wasen-1?page_id=9497\">Fotos<\/a><\/p>\n","protected":false},"excerpt":{"rendered":"<p>Am Samstag, 3. September 2016 hat die Jugi Trubschachen den letzten Wettkampf dieser Saison in Angriff genommen. Mit einer Teilnehmerzahl von dreizehn Turnerinnen und Turnern sind wir an den Herbstmehrkampf in Wasen gefahren. Unter guten Wetterbedingungen konnten wir auf den <a class=\"more-link\" href=\"https:\/\/www.tvtrubschachen.ch\/?p=12388\"><span class=\"screen-reader-text\">  Herbstmehrkampf Wasen<\/span> weiterlesen<span class=\"meta-nav\">&rarr;<\/span><\/a><\/p>\n","protected":false},"author":2,"featured_media":0,"comment_status":"closed","ping_status":"closed","sticky":false,"template":"","format":"standard","meta":{"ngg_post_thumbnail":0,"footnotes":""},"categories":[4,3],"tags":[],"class_list":["post-12388","post","type-post","status-publish","format-standard","hentry","category-jugendriege","category-turnverein"],"_links":{"self":[{"href":"https:\/\/www.tvtrubschachen.ch\/index.php?rest_route=\/wp\/v2\/posts\/12388","targetHints":{"allow":["GET"]}}],"collection":[{"href":"https:\/\/www.tvtrubschachen.ch\/index.php?rest_route=\/wp\/v2\/posts"}],"about":[{"href":"https:\/\/www.tvtrubschachen.ch\/index.php?rest_route=\/wp\/v2\/types\/post"}],"author":[{"embeddable":true,"href":"https:\/\/www.tvtrubschachen.ch\/index.php?rest_route=\/wp\/v2\/users\/2"}],"replies":[{"embeddable":true,"href":"https:\/\/www.tvtrubschachen.ch\/index.php?rest_route=%2Fwp%2Fv2%2Fcomments&post=12388"}],"version-history":[{"count":4,"href":"https:\/\/www.tvtrubschachen.ch\/index.php?rest_route=\/wp\/v2\/posts\/12388\/revisions"}],"predecessor-version":[{"id":12565,"href":"https:\/\/www.tvtrubschachen.ch\/index.php?rest_route=\/wp\/v2\/posts\/12388\/revisions\/12565"}],"wp:attachment":[{"href":"https:\/\/www.tvtrubschachen.ch\/index.php?rest_route=%2Fwp%2Fv2%2Fmedia&parent=12388"}],"wp:term":[{"taxonomy":"category","embeddable":true,"href":"https:\/\/www.tvtrubschachen.ch\/index.php?rest_route=%2Fwp%2Fv2%2Fcategories&post=12388"},{"taxonomy":"post_tag","embeddable":true,"href":"https:\/\/www.tvtrubschachen.ch\/index.php?rest_route=%2Fwp%2Fv2%2Ftags&post=12388"}],"curies":[{"name":"wp","href":"https:\/\/api.w.org\/{rel}","templated":true}]}}