{"id":12089,"date":"2016-06-27T23:36:20","date_gmt":"2016-06-27T22:36:20","guid":{"rendered":"http:\/\/www.tvtrubschachen.ch\/?p=12089"},"modified":"2016-06-27T23:40:45","modified_gmt":"2016-06-27T22:40:45","slug":"ktf-thun-2016-sektion","status":"publish","type":"post","link":"https:\/\/www.tvtrubschachen.ch\/?p=12089","title":{"rendered":"KTF Thun 2016 &#8211; Sektion"},"content":{"rendered":"<p>Bei unsicheren Wetterbedingungen standen am Samstagmorgen um 05:40 Uhr bereits die ersten Sch\u00e4cheler bereit zur Abfahrt Richtung Thun. Noch mit etwas M\u00fcdigkeit aber einer grossen Portion Vorfreude machten wir uns auf Richtung KTF 2016. In Langnau stiegen wir vom Automobil auf den \u00d6V um und unsere Delegation erhielt ein erstes Mal personelle Verst\u00e4rkung. Nur kurz vor der Abfahrt kam kurzfristig wenig Hektik auf, als festgestellt wurde, dass eine junge Turnerin (Name der Redaktion bekannt) noch nicht anwesend war. Diese organisierte sich aber kurzerhand ein privates Taxi. St\u00e4ndig etwas wachsend war unser Team auf dem Sport- und Festgel\u00e4nde in Thun schon fast komplett.<\/p>\n<p>Unser Ziel war es in der 5. St\u00e4rkeklasse (mind. acht TurnerInnen je Wettkampfteil) in den Disziplinen Kugelstossen, Schleuderball sowie 800m\/Steinstossen m\u00f6glichst gute Noten zu erzielen und die Coup-Limite des Oberturners zu \u00fcbertreffen. Als wir um 8 Uhr mit den unmittelbaren Vorbereitungen f\u00fcr das Kugelstossen beginnen wollten, begann es pl\u00f6tzlich wie aus K\u00fcbeln zu regnen. Gl\u00fccklicherweise hatte der Wettergott mit dem Start des Wettkampfs aber ein Einsehen und es trocknete wieder ab. Trotz einem guten Gef\u00fchl sollte uns der Start in den 3-teiligen-Wettkampf nicht gelingen, blieben doch einige Athleten deutlich unter ihren M\u00f6glichketen und Erwartungen. Am Ende mussten wir uns mit 8.78 Punkten zufriedengeben.<\/p>\n<p>Mit der Wut im Bauch wollten wir es beim Schleuderball besser machen. Dort gelang uns ein erster Schritt zur Wiedergutmachung. Mit Michelle, Big, Tom K. sowie Tom M. gelang es gleich dem halben Team die Maximalnote 10 zu \u00fcbertreffen! Da auch die restlichen vier Athleten\/Athletinnen einen soliden Wettkampf zeigten, reichte es zu der sehr guten Note von 9.69.<\/p>\n<p>Zum Abschluss standen noch der 800m-Lauf sowie das Steinstossen auf dem Programm. Die Steinst\u00f6sserInnen verpassten mit 8.83 Punkten die angestrebte Note 9 nur knapp w\u00e4hrend die vier L\u00e4ufer trotz einem kleinen Zwischenfall noch 9.43 Punkte erlaufen konnte. Selbst unser Jura-Express liess sich dieses Jahr von der Deutschensprach nicht mehr aus dem Konzept bringen und startete seinen Schlusssprint zum richtigen Zeitpunkt. ;-) Hervorzuheben sind im dritten Wettkampfteil die Steinstosspremiere von Michelle und L\u00fccu welcher seinen ersten 800er absolvierte.<\/p>\n<p>Somit ergab sich f\u00fcr uns ein Punktetotal von 27.60 Punkten, womit wir die Coup-Limite deutlich \u00fcbertrafen. Ohne Verletzungssorgen w\u00e4re sogar die 28er-Marke angreifbar gewesen. Trotzdem erreichten wir den sehr guten 5. Rang in der Gesamtwertung!!!<\/p>\n<p>Da wir es uns nicht zutrauten den ganzen Nachmittag \u00abunbeschadet\u00bb auf dem Festgel\u00e4nde zu verbringen, hatte Ren\u00e9 f\u00fcr uns einen Ausflug organisiert. Um vom Festbetrieb und dem Alkohol etwas abgelenkt zu werden, durften wir in Amsoldingen eine Betriebsbesichtigung mit Degustation der Brennerei Bruni geniessen&#8230; Bei guter Stimmung konnten wir dort gleich beim Match Schweiz \u2013 Polen mitleiden. Nachdem erfolgreichen verabschieden aus Frankreich machten wir uns zur\u00fcck aufs Festgel\u00e4nde. Die Geschichten von dort sollen einmal mehr nur dort und in unseren K\u00f6pfen und Seelen ruhen\u2026 :) :)<\/p>\n<p>Am Sonntag hatten wir uns um 10 Uhr zur allgemeinen Lagebeurteilung verabredet. Da wir wegen Verletzungssorgen auf die Stafette verzichteten, machten wir uns alsbald auf den R\u00fcckweg Richtung Trubschachen, wo wir das KTF 2016 beim gemeinsamen Abendessen im B\u00e4ren ausklingen liessen.<\/p>\n<p>Vielen Dank dem Oberturner Big f\u00fcr die gute Vorbereitung auf den sportlichen Teil, Ren\u00e9 f\u00fcr den Ausflug, Tom, Sigi und P\u00e4ddu f\u00fcr das Kampfrichtern, P\u00e4ddu f\u00fcr die Verpflegung (welche wir auch mit etwas Versp\u00e4tung genossen),\u00a0;-) den Supportern f\u00fcr die lautstarke Unterst\u00fctzung vor Ort, den Spendern f\u00fcr das besorgt sein um unser Wohlergehen, allen Athletinnen und Athleten f\u00fcr euren Beitrag zum gelungen Wettkampf &amp; Fest sowie allen anderen die jetzt noch nicht erw\u00e4hnt sind!!!<\/p>\n<p>N\u00e4chstes Jahr wird der TVT wieder an ein Turnfest angreifen. Zuerst folgen im Herbst aber noch weitere Saisonh\u00f6hepunkte. Let\u2019s go Schache!<\/p>\n<p>Rangliste:<\/p>\n<p>https:\/\/www.thun2016.ch\/fileadmin\/user_upload\/Ranglisten\/WE2\/Samstag_25_6\/Rangliste_Aktive_VWK_25.06.2016.pdf<\/p>\n","protected":false},"excerpt":{"rendered":"<p>Bei unsicheren Wetterbedingungen standen am Samstagmorgen um 05:40 Uhr bereits die ersten Sch\u00e4cheler bereit zur Abfahrt Richtung Thun. Noch mit etwas M\u00fcdigkeit aber einer grossen Portion Vorfreude machten wir uns auf Richtung KTF 2016. In Langnau stiegen wir vom Automobil <a class=\"more-link\" href=\"https:\/\/www.tvtrubschachen.ch\/?p=12089\"><span class=\"screen-reader-text\">  KTF Thun 2016 &#8211; Sektion<\/span> weiterlesen<span class=\"meta-nav\">&rarr;<\/span><\/a><\/p>\n","protected":false},"author":11,"featured_media":0,"comment_status":"closed","ping_status":"closed","sticky":false,"template":"","format":"standard","meta":{"ngg_post_thumbnail":0,"footnotes":""},"categories":[16,3],"tags":[],"class_list":["post-12089","post","type-post","status-publish","format-standard","hentry","category-damenriege","category-turnverein"],"_links":{"self":[{"href":"https:\/\/www.tvtrubschachen.ch\/index.php?rest_route=\/wp\/v2\/posts\/12089","targetHints":{"allow":["GET"]}}],"collection":[{"href":"https:\/\/www.tvtrubschachen.ch\/index.php?rest_route=\/wp\/v2\/posts"}],"about":[{"href":"https:\/\/www.tvtrubschachen.ch\/index.php?rest_route=\/wp\/v2\/types\/post"}],"author":[{"embeddable":true,"href":"https:\/\/www.tvtrubschachen.ch\/index.php?rest_route=\/wp\/v2\/users\/11"}],"replies":[{"embeddable":true,"href":"https:\/\/www.tvtrubschachen.ch\/index.php?rest_route=%2Fwp%2Fv2%2Fcomments&post=12089"}],"version-history":[{"count":5,"href":"https:\/\/www.tvtrubschachen.ch\/index.php?rest_route=\/wp\/v2\/posts\/12089\/revisions"}],"predecessor-version":[{"id":12094,"href":"https:\/\/www.tvtrubschachen.ch\/index.php?rest_route=\/wp\/v2\/posts\/12089\/revisions\/12094"}],"wp:attachment":[{"href":"https:\/\/www.tvtrubschachen.ch\/index.php?rest_route=%2Fwp%2Fv2%2Fmedia&parent=12089"}],"wp:term":[{"taxonomy":"category","embeddable":true,"href":"https:\/\/www.tvtrubschachen.ch\/index.php?rest_route=%2Fwp%2Fv2%2Fcategories&post=12089"},{"taxonomy":"post_tag","embeddable":true,"href":"https:\/\/www.tvtrubschachen.ch\/index.php?rest_route=%2Fwp%2Fv2%2Ftags&post=12089"}],"curies":[{"name":"wp","href":"https:\/\/api.w.org\/{rel}","templated":true}]}}